{"id":174,"date":"2019-03-17T15:24:00","date_gmt":"2019-03-17T13:24:00","guid":{"rendered":"https:\/\/okiemrealisty.pl\/?p=174"},"modified":"2024-05-07T09:59:13","modified_gmt":"2024-05-07T07:59:13","slug":"perfumy-meskie-i-te-idealne-na-prezent-bi-es","status":"publish","type":"post","link":"https:\/\/okiemrealisty.pl\/index.php\/2019\/03\/17\/perfumy-meskie-i-te-idealne-na-prezent-bi-es\/","title":{"rendered":"Perfumy M\u0119skie i te idealne na prezent &#8211; BI-ES"},"content":{"rendered":"\n<p>Mo\u017cna dobrze pachnie\u0107 za niewielk\u0105 kas\u0119? Mo\u017cna. Ostatnio trafi\u0142em na\u00a0<a href=\"http:\/\/sklep.bi-es.eu\/\">Bi-Esy<\/a>, s\u0105 to Perfumy M\u0119skie.\u00a0 Wyb\u00f3r spory niemal w ka\u017cdej drogerii, a w moje r\u0119ce trafi\u0142 jeden zapach z numerycznej serii i jeden niespodzianka.<\/p>\n\n\n\n<figure class=\"wp-block-image size-large\"><img loading=\"lazy\" decoding=\"async\" width=\"768\" height=\"1024\" src=\"https:\/\/okiemrealisty.pl\/wp-content\/uploads\/2024\/04\/LRM_EXPORT_32560274582530_20190214_184500141-768x1024.jpeg\" alt=\"\" class=\"wp-image-176\" srcset=\"https:\/\/okiemrealisty.pl\/wp-content\/uploads\/2024\/04\/LRM_EXPORT_32560274582530_20190214_184500141-768x1024.jpeg 768w, https:\/\/okiemrealisty.pl\/wp-content\/uploads\/2024\/04\/LRM_EXPORT_32560274582530_20190214_184500141-225x300.jpeg 225w, https:\/\/okiemrealisty.pl\/wp-content\/uploads\/2024\/04\/LRM_EXPORT_32560274582530_20190214_184500141-1152x1536.jpeg 1152w, https:\/\/okiemrealisty.pl\/wp-content\/uploads\/2024\/04\/LRM_EXPORT_32560274582530_20190214_184500141.jpeg 1200w\" sizes=\"auto, (max-width: 709px) 85vw, (max-width: 909px) 67vw, (max-width: 984px) 61vw, (max-width: 1362px) 45vw, 600px\" \/><\/figure>\n\n\n\n<p><\/p>\n\n\n\n<p>No7 &#8211; zapach dosy\u0107 intensywny, m\u0119ski, rzek\u0142bym wyrafinowany i nawet w mar\u0119 trwa\u0142y. Ja czuj\u0119 pomieszanie zapachu korzennego ze \u015bwie\u017c\u0105 bergamotk\u0105. Takie dobre pomieszanie z popl\u0105taniem.<br>Cena ca\u0142kiem zacna, bo za 50 ml zap\u0142acimy max 30 z\u0142ot\u00f3wek, tak\u017ce nie trzeba by\u0107 milionerem i wi\u0119cej na przyjemno\u015bci w lod\u00f3wce \ud83e\udd2d &#8211; w kieszeni zostanie.<\/p>\n\n\n\n<figure class=\"wp-block-image size-large\"><img loading=\"lazy\" decoding=\"async\" width=\"768\" height=\"1024\" src=\"https:\/\/okiemrealisty.pl\/wp-content\/uploads\/2024\/04\/lrm_export_32618839050229_20190214_184558706-768x1024.jpeg\" alt=\"\" class=\"wp-image-175\" srcset=\"https:\/\/okiemrealisty.pl\/wp-content\/uploads\/2024\/04\/lrm_export_32618839050229_20190214_184558706-768x1024.jpeg 768w, https:\/\/okiemrealisty.pl\/wp-content\/uploads\/2024\/04\/lrm_export_32618839050229_20190214_184558706-225x300.jpeg 225w, https:\/\/okiemrealisty.pl\/wp-content\/uploads\/2024\/04\/lrm_export_32618839050229_20190214_184558706-1152x1536.jpeg 1152w, https:\/\/okiemrealisty.pl\/wp-content\/uploads\/2024\/04\/lrm_export_32618839050229_20190214_184558706.jpeg 1200w\" sizes=\"auto, (max-width: 709px) 85vw, (max-width: 909px) 67vw, (max-width: 984px) 61vw, (max-width: 1362px) 45vw, 600px\" \/><\/figure>\n\n\n\n<p><\/p>\n\n\n\n<p>Drugi flakonik dosta\u0142em w prezencie i jak wida\u0107 na za\u0142\u0105czonym obrazku po niego si\u0119gam jednak cz\u0119\u015bciej. Jest mega intensywny i bardzo trwa\u0142y. Z tego co wiem kupi\u0107 go si\u0119 raczej nie da, bo firma wyprodukowa\u0142a go jednorazowo. Ale gdyby kiedy\u015b komu\u015b wpad\u0142 w r\u0119ce, polecam z ca\u0142\u0105 pewno\u015bci\u0105. Sam gdybym mia\u0142 okazj\u0119, kupi\u0142bym na zapas. Chyba intensywno\u015b\u0107 i nuty zapachowe tego wariantu&nbsp; przemawiaj\u0105 i pasuj\u0105 do mnie bardziej nawet ni\u017c No7.<\/p>\n\n\n\n<p>Podsumowuj\u0105c: Dwa warianty zapachowe Bi-Esa dla m\u0119\u017cczyzn \u015bwietnie pachn\u0105 i wygl\u0105daj\u0105. Chyba skusz\u0119 si\u0119 te\u017c na inne perfumy m\u0119skie, poszukam nowych zapach\u00f3w. My\u015bl\u0119, \u017ce warto. Czasy, gdy m\u0119\u017cczy\u017ani mieli pachnie\u0107 tylko brutalem dawno min\u0119\u0142y.<\/p>\n\n\n\n<p>A ostatnio na imieniny mamy postanowi\u0142em sprawi\u0107 jej dwie nowo\u015bci i to dorwane na promce. Zadowolona bardzo \ud83d\ude00. Za grosze mo\u017cna rzec, buteleczki \u015bwietnie prezentuj\u0105 si\u0119 na prezent. Wr\u0119cz nie trzeba ju\u017c dodatkowo pakowa\u0107. \u015awietny prezent moim zdaniem. Na pewno ka\u017cda obdarowana bliska osoba b\u0119dzie zadowolona. Kto nie lubi dobrze pachnie\u0107?<\/p>\n\n\n\n<figure class=\"wp-block-image size-large\"><img loading=\"lazy\" decoding=\"async\" width=\"1024\" height=\"768\" src=\"https:\/\/okiemrealisty.pl\/wp-content\/uploads\/2024\/04\/IMG_20190317_110029-1024x768.jpg\" alt=\"\" class=\"wp-image-177\" srcset=\"https:\/\/okiemrealisty.pl\/wp-content\/uploads\/2024\/04\/IMG_20190317_110029-1024x768.jpg 1024w, https:\/\/okiemrealisty.pl\/wp-content\/uploads\/2024\/04\/IMG_20190317_110029-300x225.jpg 300w, https:\/\/okiemrealisty.pl\/wp-content\/uploads\/2024\/04\/IMG_20190317_110029-768x576.jpg 768w, https:\/\/okiemrealisty.pl\/wp-content\/uploads\/2024\/04\/IMG_20190317_110029-1536x1152.jpg 1536w, https:\/\/okiemrealisty.pl\/wp-content\/uploads\/2024\/04\/IMG_20190317_110029-1200x900.jpg 1200w, https:\/\/okiemrealisty.pl\/wp-content\/uploads\/2024\/04\/IMG_20190317_110029.jpg 1600w\" sizes=\"auto, (max-width: 709px) 85vw, (max-width: 909px) 67vw, (max-width: 1362px) 62vw, 840px\" \/><\/figure>\n\n\n\n<figure class=\"wp-block-image size-large\"><img loading=\"lazy\" decoding=\"async\" width=\"1024\" height=\"768\" src=\"https:\/\/okiemrealisty.pl\/wp-content\/uploads\/2024\/04\/IMG_20190317_110007-1024x768.jpg\" alt=\"\" class=\"wp-image-178\" srcset=\"https:\/\/okiemrealisty.pl\/wp-content\/uploads\/2024\/04\/IMG_20190317_110007-1024x768.jpg 1024w, https:\/\/okiemrealisty.pl\/wp-content\/uploads\/2024\/04\/IMG_20190317_110007-300x225.jpg 300w, https:\/\/okiemrealisty.pl\/wp-content\/uploads\/2024\/04\/IMG_20190317_110007-768x576.jpg 768w, https:\/\/okiemrealisty.pl\/wp-content\/uploads\/2024\/04\/IMG_20190317_110007-1536x1152.jpg 1536w, https:\/\/okiemrealisty.pl\/wp-content\/uploads\/2024\/04\/IMG_20190317_110007-1200x900.jpg 1200w, https:\/\/okiemrealisty.pl\/wp-content\/uploads\/2024\/04\/IMG_20190317_110007.jpg 1600w\" sizes=\"auto, (max-width: 709px) 85vw, (max-width: 909px) 67vw, (max-width: 1362px) 62vw, 840px\" \/><\/figure>\n\n\n\n<p><\/p>\n\n\n\n<p>Mo\u017cesz r\u00f3wnie\u017c zapozna\u0107 si\u0119 z moj\u0105 opini\u0105 o <a href=\"https:\/\/okiemrealisty.pl\/index.php\/2022\/04\/05\/avon-scent-czyli-nowosci-zapachowe-okiem-realisty\/\">Perfumach m\u0119skich z Avon<\/a>:<\/p>\n\n\n\n<figure class=\"wp-block-embed is-type-wp-embed is-provider-okiem-realisty wp-block-embed-okiem-realisty\"><div class=\"wp-block-embed__wrapper\">\n<blockquote class=\"wp-embedded-content\" data-secret=\"moRLw9bMJc\"><a href=\"https:\/\/okiemrealisty.pl\/index.php\/2022\/04\/05\/avon-scent-czyli-nowosci-zapachowe-okiem-realisty\/\">AVON SCENT &#8211; czyli nowo\u015bci zapachowe Okiem Realisty<\/a><\/blockquote><iframe loading=\"lazy\" class=\"wp-embedded-content\" sandbox=\"allow-scripts\" security=\"restricted\" style=\"position: absolute; clip: rect(1px, 1px, 1px, 1px);\" title=\"&#8222;AVON SCENT &#8211; czyli nowo\u015bci zapachowe Okiem Realisty&#8221; &#8212; Okiem Realisty\" src=\"https:\/\/okiemrealisty.pl\/index.php\/2022\/04\/05\/avon-scent-czyli-nowosci-zapachowe-okiem-realisty\/embed\/#?secret=DWjGRJeSfd#?secret=moRLw9bMJc\" data-secret=\"moRLw9bMJc\" width=\"600\" height=\"338\" frameborder=\"0\" marginwidth=\"0\" marginheight=\"0\" scrolling=\"no\"><\/iframe>\n<\/div><\/figure>\n","protected":false},"excerpt":{"rendered":"<p>Mo\u017cna dobrze pachnie\u0107 za niewielk\u0105 kas\u0119? Mo\u017cna. Ostatnio trafi\u0142em na\u00a0Bi-Esy, s\u0105 to Perfumy M\u0119skie.\u00a0 Wyb\u00f3r spory niemal w ka\u017cdej drogerii, a w moje r\u0119ce trafi\u0142 jeden zapach z numerycznej serii i jeden niespodzianka. No7 &#8211; zapach dosy\u0107 intensywny, m\u0119ski, rzek\u0142bym wyrafinowany i nawet w mar\u0119 trwa\u0142y. Ja czuj\u0119 pomieszanie zapachu korzennego ze \u015bwie\u017c\u0105 bergamotk\u0105. Takie &hellip; <a href=\"https:\/\/okiemrealisty.pl\/index.php\/2019\/03\/17\/perfumy-meskie-i-te-idealne-na-prezent-bi-es\/\" class=\"more-link\">Czytaj dalej<span class=\"screen-reader-text\"> \u201ePerfumy M\u0119skie i te idealne na prezent &#8211; BI-ES\u201d<\/span><\/a><\/p>\n","protected":false},"author":1,"featured_media":176,"comment_status":"open","ping_status":"open","sticky":false,"template":"","format":"standard","meta":{"footnotes":""},"categories":[49,5],"tags":[89,88,62,86,85,87,90,91,64],"class_list":["post-174","post","type-post","status-publish","format-standard","has-post-thumbnail","hentry","category-lifestyle","category-kosmetyki","tag-bi-es","tag-drogeria-natura","tag-facet","tag-idealny-prezent","tag-perfumy","tag-perfumy-meskie","tag-prezent-dla-kobiet","tag-prezent-dla-mamy","tag-zapachy"],"yoast_head":"<!-- This site is optimized with the Yoast SEO plugin v27.5 - https:\/\/yoast.com\/product\/yoast-seo-wordpress\/ -->\n<title>Perfumy M\u0119skie i te idealne na prezent - BI-ES - Okiem Realisty<\/title>\n<meta name=\"description\" content=\"Jak znale\u017a\u0107 te odpowiednie m\u0119skie perfumy? Planujesz zakup prezentu i nie wiesz co wybra\u0107? Przeczytaj kr\u00f3tk\u0105 podpowied\u017a.\" \/>\n<meta name=\"robots\" content=\"index, follow, max-snippet:-1, max-image-preview:large, max-video-preview:-1\" \/>\n<link rel=\"canonical\" href=\"https:\/\/okiemrealisty.pl\/index.php\/2019\/03\/17\/perfumy-meskie-i-te-idealne-na-prezent-bi-es\/\" \/>\n<meta property=\"og:locale\" content=\"pl_PL\" \/>\n<meta property=\"og:type\" content=\"article\" \/>\n<meta property=\"og:title\" content=\"Perfumy M\u0119skie i te idealne na prezent - BI-ES - Okiem Realisty\" \/>\n<meta property=\"og:description\" content=\"Jak znale\u017a\u0107 te odpowiednie m\u0119skie perfumy? Planujesz zakup prezentu i nie wiesz co wybra\u0107? Przeczytaj kr\u00f3tk\u0105 podpowied\u017a.\" \/>\n<meta property=\"og:url\" content=\"https:\/\/okiemrealisty.pl\/index.php\/2019\/03\/17\/perfumy-meskie-i-te-idealne-na-prezent-bi-es\/\" \/>\n<meta property=\"og:site_name\" content=\"Okiem Realisty\" \/>\n<meta property=\"article:published_time\" content=\"2019-03-17T13:24:00+00:00\" \/>\n<meta property=\"article:modified_time\" content=\"2024-05-07T07:59:13+00:00\" \/>\n<meta property=\"og:image\" content=\"https:\/\/okiemrealisty.pl\/wp-content\/uploads\/2024\/04\/LRM_EXPORT_32560274582530_20190214_184500141.jpeg\" \/>\n\t<meta property=\"og:image:width\" content=\"1200\" \/>\n\t<meta property=\"og:image:height\" content=\"1600\" \/>\n\t<meta property=\"og:image:type\" content=\"image\/jpeg\" \/>\n<meta name=\"author\" content=\"Okiem Realisty\" \/>\n<meta name=\"twitter:card\" content=\"summary_large_image\" \/>\n<meta name=\"twitter:label1\" content=\"Napisane przez\" \/>\n\t<meta name=\"twitter:data1\" content=\"Okiem Realisty\" \/>\n\t<meta name=\"twitter:label2\" content=\"Szacowany czas czytania\" \/>\n\t<meta name=\"twitter:data2\" content=\"3 minuty\" \/>\n<script type=\"application\/ld+json\" class=\"yoast-schema-graph\">{\"@context\":\"https:\\\/\\\/schema.org\",\"@graph\":[{\"@type\":\"Article\",\"@id\":\"https:\\\/\\\/okiemrealisty.pl\\\/index.php\\\/2019\\\/03\\\/17\\\/perfumy-meskie-i-te-idealne-na-prezent-bi-es\\\/#article\",\"isPartOf\":{\"@id\":\"https:\\\/\\\/okiemrealisty.pl\\\/index.php\\\/2019\\\/03\\\/17\\\/perfumy-meskie-i-te-idealne-na-prezent-bi-es\\\/\"},\"author\":{\"name\":\"Okiem Realisty\",\"@id\":\"https:\\\/\\\/okiemrealisty.pl\\\/#\\\/schema\\\/person\\\/5a047b7acbade5194152c23ad7d087e7\"},\"headline\":\"Perfumy M\u0119skie i te idealne na prezent &#8211; BI-ES\",\"datePublished\":\"2019-03-17T13:24:00+00:00\",\"dateModified\":\"2024-05-07T07:59:13+00:00\",\"mainEntityOfPage\":{\"@id\":\"https:\\\/\\\/okiemrealisty.pl\\\/index.php\\\/2019\\\/03\\\/17\\\/perfumy-meskie-i-te-idealne-na-prezent-bi-es\\\/\"},\"wordCount\":314,\"commentCount\":0,\"publisher\":{\"@id\":\"https:\\\/\\\/okiemrealisty.pl\\\/#\\\/schema\\\/person\\\/5a047b7acbade5194152c23ad7d087e7\"},\"image\":{\"@id\":\"https:\\\/\\\/okiemrealisty.pl\\\/index.php\\\/2019\\\/03\\\/17\\\/perfumy-meskie-i-te-idealne-na-prezent-bi-es\\\/#primaryimage\"},\"thumbnailUrl\":\"https:\\\/\\\/okiemrealisty.pl\\\/wp-content\\\/uploads\\\/2024\\\/04\\\/LRM_EXPORT_32560274582530_20190214_184500141.jpeg\",\"keywords\":[\"BI-ES\",\"Drogeria Natura\",\"Facet\",\"IDEALNY PREZENT\",\"PERFUMY\",\"PERFUMY M\u0118SKIE\",\"PREZENT DLA KOBIET\",\"PREZENT DLA MAMY\",\"zapachy\"],\"articleSection\":[\"Lu\u017anym Okiem\",\"M\u0119skie Kosmetyki\"],\"inLanguage\":\"pl-PL\",\"potentialAction\":[{\"@type\":\"CommentAction\",\"name\":\"Comment\",\"target\":[\"https:\\\/\\\/okiemrealisty.pl\\\/index.php\\\/2019\\\/03\\\/17\\\/perfumy-meskie-i-te-idealne-na-prezent-bi-es\\\/#respond\"]}]},{\"@type\":\"WebPage\",\"@id\":\"https:\\\/\\\/okiemrealisty.pl\\\/index.php\\\/2019\\\/03\\\/17\\\/perfumy-meskie-i-te-idealne-na-prezent-bi-es\\\/\",\"url\":\"https:\\\/\\\/okiemrealisty.pl\\\/index.php\\\/2019\\\/03\\\/17\\\/perfumy-meskie-i-te-idealne-na-prezent-bi-es\\\/\",\"name\":\"Perfumy M\u0119skie i te idealne na prezent - BI-ES - Okiem Realisty\",\"isPartOf\":{\"@id\":\"https:\\\/\\\/okiemrealisty.pl\\\/#website\"},\"primaryImageOfPage\":{\"@id\":\"https:\\\/\\\/okiemrealisty.pl\\\/index.php\\\/2019\\\/03\\\/17\\\/perfumy-meskie-i-te-idealne-na-prezent-bi-es\\\/#primaryimage\"},\"image\":{\"@id\":\"https:\\\/\\\/okiemrealisty.pl\\\/index.php\\\/2019\\\/03\\\/17\\\/perfumy-meskie-i-te-idealne-na-prezent-bi-es\\\/#primaryimage\"},\"thumbnailUrl\":\"https:\\\/\\\/okiemrealisty.pl\\\/wp-content\\\/uploads\\\/2024\\\/04\\\/LRM_EXPORT_32560274582530_20190214_184500141.jpeg\",\"datePublished\":\"2019-03-17T13:24:00+00:00\",\"dateModified\":\"2024-05-07T07:59:13+00:00\",\"description\":\"Jak znale\u017a\u0107 te odpowiednie m\u0119skie perfumy? Planujesz zakup prezentu i nie wiesz co wybra\u0107? Przeczytaj kr\u00f3tk\u0105 podpowied\u017a.\",\"breadcrumb\":{\"@id\":\"https:\\\/\\\/okiemrealisty.pl\\\/index.php\\\/2019\\\/03\\\/17\\\/perfumy-meskie-i-te-idealne-na-prezent-bi-es\\\/#breadcrumb\"},\"inLanguage\":\"pl-PL\",\"potentialAction\":[{\"@type\":\"ReadAction\",\"target\":[\"https:\\\/\\\/okiemrealisty.pl\\\/index.php\\\/2019\\\/03\\\/17\\\/perfumy-meskie-i-te-idealne-na-prezent-bi-es\\\/\"]}]},{\"@type\":\"ImageObject\",\"inLanguage\":\"pl-PL\",\"@id\":\"https:\\\/\\\/okiemrealisty.pl\\\/index.php\\\/2019\\\/03\\\/17\\\/perfumy-meskie-i-te-idealne-na-prezent-bi-es\\\/#primaryimage\",\"url\":\"https:\\\/\\\/okiemrealisty.pl\\\/wp-content\\\/uploads\\\/2024\\\/04\\\/LRM_EXPORT_32560274582530_20190214_184500141.jpeg\",\"contentUrl\":\"https:\\\/\\\/okiemrealisty.pl\\\/wp-content\\\/uploads\\\/2024\\\/04\\\/LRM_EXPORT_32560274582530_20190214_184500141.jpeg\",\"width\":1200,\"height\":1600,\"caption\":\"edf\"},{\"@type\":\"BreadcrumbList\",\"@id\":\"https:\\\/\\\/okiemrealisty.pl\\\/index.php\\\/2019\\\/03\\\/17\\\/perfumy-meskie-i-te-idealne-na-prezent-bi-es\\\/#breadcrumb\",\"itemListElement\":[{\"@type\":\"ListItem\",\"position\":1,\"name\":\"Strona g\u0142\u00f3wna\",\"item\":\"https:\\\/\\\/okiemrealisty.pl\\\/\"},{\"@type\":\"ListItem\",\"position\":2,\"name\":\"Perfumy M\u0119skie i te idealne na prezent &#8211; BI-ES\"}]},{\"@type\":\"WebSite\",\"@id\":\"https:\\\/\\\/okiemrealisty.pl\\\/#website\",\"url\":\"https:\\\/\\\/okiemrealisty.pl\\\/\",\"name\":\"Okiem Realisty\",\"description\":\"Ch\u0142odne spojrzenie, ci\u0119ty j\u0119zyk\",\"publisher\":{\"@id\":\"https:\\\/\\\/okiemrealisty.pl\\\/#\\\/schema\\\/person\\\/5a047b7acbade5194152c23ad7d087e7\"},\"alternateName\":\"OkiemRealisty\",\"potentialAction\":[{\"@type\":\"SearchAction\",\"target\":{\"@type\":\"EntryPoint\",\"urlTemplate\":\"https:\\\/\\\/okiemrealisty.pl\\\/?s={search_term_string}\"},\"query-input\":{\"@type\":\"PropertyValueSpecification\",\"valueRequired\":true,\"valueName\":\"search_term_string\"}}],\"inLanguage\":\"pl-PL\"},{\"@type\":[\"Person\",\"Organization\"],\"@id\":\"https:\\\/\\\/okiemrealisty.pl\\\/#\\\/schema\\\/person\\\/5a047b7acbade5194152c23ad7d087e7\",\"name\":\"Okiem Realisty\",\"image\":{\"@type\":\"ImageObject\",\"inLanguage\":\"pl-PL\",\"@id\":\"https:\\\/\\\/okiemrealisty.pl\\\/wp-content\\\/uploads\\\/2024\\\/05\\\/cropped-Projekt-bez-nazwy-2.jpg\",\"url\":\"https:\\\/\\\/okiemrealisty.pl\\\/wp-content\\\/uploads\\\/2024\\\/05\\\/cropped-Projekt-bez-nazwy-2.jpg\",\"contentUrl\":\"https:\\\/\\\/okiemrealisty.pl\\\/wp-content\\\/uploads\\\/2024\\\/05\\\/cropped-Projekt-bez-nazwy-2.jpg\",\"width\":240,\"height\":240,\"caption\":\"Okiem Realisty\"},\"logo\":{\"@id\":\"https:\\\/\\\/okiemrealisty.pl\\\/wp-content\\\/uploads\\\/2024\\\/05\\\/cropped-Projekt-bez-nazwy-2.jpg\"},\"url\":\"https:\\\/\\\/okiemrealisty.pl\\\/index.php\\\/author\\\/darqcrow\\\/\"}]}<\/script>\n<!-- \/ Yoast SEO plugin. -->","yoast_head_json":{"title":"Perfumy M\u0119skie i te idealne na prezent - BI-ES - Okiem Realisty","description":"Jak znale\u017a\u0107 te odpowiednie m\u0119skie perfumy? Planujesz zakup prezentu i nie wiesz co wybra\u0107? Przeczytaj kr\u00f3tk\u0105 podpowied\u017a.","robots":{"index":"index","follow":"follow","max-snippet":"max-snippet:-1","max-image-preview":"max-image-preview:large","max-video-preview":"max-video-preview:-1"},"canonical":"https:\/\/okiemrealisty.pl\/index.php\/2019\/03\/17\/perfumy-meskie-i-te-idealne-na-prezent-bi-es\/","og_locale":"pl_PL","og_type":"article","og_title":"Perfumy M\u0119skie i te idealne na prezent - BI-ES - Okiem Realisty","og_description":"Jak znale\u017a\u0107 te odpowiednie m\u0119skie perfumy? Planujesz zakup prezentu i nie wiesz co wybra\u0107? Przeczytaj kr\u00f3tk\u0105 podpowied\u017a.","og_url":"https:\/\/okiemrealisty.pl\/index.php\/2019\/03\/17\/perfumy-meskie-i-te-idealne-na-prezent-bi-es\/","og_site_name":"Okiem Realisty","article_published_time":"2019-03-17T13:24:00+00:00","article_modified_time":"2024-05-07T07:59:13+00:00","og_image":[{"width":1200,"height":1600,"url":"https:\/\/okiemrealisty.pl\/wp-content\/uploads\/2024\/04\/LRM_EXPORT_32560274582530_20190214_184500141.jpeg","type":"image\/jpeg"}],"author":"Okiem Realisty","twitter_card":"summary_large_image","twitter_misc":{"Napisane przez":"Okiem Realisty","Szacowany czas czytania":"3 minuty"},"schema":{"@context":"https:\/\/schema.org","@graph":[{"@type":"Article","@id":"https:\/\/okiemrealisty.pl\/index.php\/2019\/03\/17\/perfumy-meskie-i-te-idealne-na-prezent-bi-es\/#article","isPartOf":{"@id":"https:\/\/okiemrealisty.pl\/index.php\/2019\/03\/17\/perfumy-meskie-i-te-idealne-na-prezent-bi-es\/"},"author":{"name":"Okiem Realisty","@id":"https:\/\/okiemrealisty.pl\/#\/schema\/person\/5a047b7acbade5194152c23ad7d087e7"},"headline":"Perfumy M\u0119skie i te idealne na prezent &#8211; BI-ES","datePublished":"2019-03-17T13:24:00+00:00","dateModified":"2024-05-07T07:59:13+00:00","mainEntityOfPage":{"@id":"https:\/\/okiemrealisty.pl\/index.php\/2019\/03\/17\/perfumy-meskie-i-te-idealne-na-prezent-bi-es\/"},"wordCount":314,"commentCount":0,"publisher":{"@id":"https:\/\/okiemrealisty.pl\/#\/schema\/person\/5a047b7acbade5194152c23ad7d087e7"},"image":{"@id":"https:\/\/okiemrealisty.pl\/index.php\/2019\/03\/17\/perfumy-meskie-i-te-idealne-na-prezent-bi-es\/#primaryimage"},"thumbnailUrl":"https:\/\/okiemrealisty.pl\/wp-content\/uploads\/2024\/04\/LRM_EXPORT_32560274582530_20190214_184500141.jpeg","keywords":["BI-ES","Drogeria Natura","Facet","IDEALNY PREZENT","PERFUMY","PERFUMY M\u0118SKIE","PREZENT DLA KOBIET","PREZENT DLA MAMY","zapachy"],"articleSection":["Lu\u017anym Okiem","M\u0119skie Kosmetyki"],"inLanguage":"pl-PL","potentialAction":[{"@type":"CommentAction","name":"Comment","target":["https:\/\/okiemrealisty.pl\/index.php\/2019\/03\/17\/perfumy-meskie-i-te-idealne-na-prezent-bi-es\/#respond"]}]},{"@type":"WebPage","@id":"https:\/\/okiemrealisty.pl\/index.php\/2019\/03\/17\/perfumy-meskie-i-te-idealne-na-prezent-bi-es\/","url":"https:\/\/okiemrealisty.pl\/index.php\/2019\/03\/17\/perfumy-meskie-i-te-idealne-na-prezent-bi-es\/","name":"Perfumy M\u0119skie i te idealne na prezent - BI-ES - Okiem Realisty","isPartOf":{"@id":"https:\/\/okiemrealisty.pl\/#website"},"primaryImageOfPage":{"@id":"https:\/\/okiemrealisty.pl\/index.php\/2019\/03\/17\/perfumy-meskie-i-te-idealne-na-prezent-bi-es\/#primaryimage"},"image":{"@id":"https:\/\/okiemrealisty.pl\/index.php\/2019\/03\/17\/perfumy-meskie-i-te-idealne-na-prezent-bi-es\/#primaryimage"},"thumbnailUrl":"https:\/\/okiemrealisty.pl\/wp-content\/uploads\/2024\/04\/LRM_EXPORT_32560274582530_20190214_184500141.jpeg","datePublished":"2019-03-17T13:24:00+00:00","dateModified":"2024-05-07T07:59:13+00:00","description":"Jak znale\u017a\u0107 te odpowiednie m\u0119skie perfumy? Planujesz zakup prezentu i nie wiesz co wybra\u0107? Przeczytaj kr\u00f3tk\u0105 podpowied\u017a.","breadcrumb":{"@id":"https:\/\/okiemrealisty.pl\/index.php\/2019\/03\/17\/perfumy-meskie-i-te-idealne-na-prezent-bi-es\/#breadcrumb"},"inLanguage":"pl-PL","potentialAction":[{"@type":"ReadAction","target":["https:\/\/okiemrealisty.pl\/index.php\/2019\/03\/17\/perfumy-meskie-i-te-idealne-na-prezent-bi-es\/"]}]},{"@type":"ImageObject","inLanguage":"pl-PL","@id":"https:\/\/okiemrealisty.pl\/index.php\/2019\/03\/17\/perfumy-meskie-i-te-idealne-na-prezent-bi-es\/#primaryimage","url":"https:\/\/okiemrealisty.pl\/wp-content\/uploads\/2024\/04\/LRM_EXPORT_32560274582530_20190214_184500141.jpeg","contentUrl":"https:\/\/okiemrealisty.pl\/wp-content\/uploads\/2024\/04\/LRM_EXPORT_32560274582530_20190214_184500141.jpeg","width":1200,"height":1600,"caption":"edf"},{"@type":"BreadcrumbList","@id":"https:\/\/okiemrealisty.pl\/index.php\/2019\/03\/17\/perfumy-meskie-i-te-idealne-na-prezent-bi-es\/#breadcrumb","itemListElement":[{"@type":"ListItem","position":1,"name":"Strona g\u0142\u00f3wna","item":"https:\/\/okiemrealisty.pl\/"},{"@type":"ListItem","position":2,"name":"Perfumy M\u0119skie i te idealne na prezent &#8211; BI-ES"}]},{"@type":"WebSite","@id":"https:\/\/okiemrealisty.pl\/#website","url":"https:\/\/okiemrealisty.pl\/","name":"Okiem Realisty","description":"Ch\u0142odne spojrzenie, ci\u0119ty j\u0119zyk","publisher":{"@id":"https:\/\/okiemrealisty.pl\/#\/schema\/person\/5a047b7acbade5194152c23ad7d087e7"},"alternateName":"OkiemRealisty","potentialAction":[{"@type":"SearchAction","target":{"@type":"EntryPoint","urlTemplate":"https:\/\/okiemrealisty.pl\/?s={search_term_string}"},"query-input":{"@type":"PropertyValueSpecification","valueRequired":true,"valueName":"search_term_string"}}],"inLanguage":"pl-PL"},{"@type":["Person","Organization"],"@id":"https:\/\/okiemrealisty.pl\/#\/schema\/person\/5a047b7acbade5194152c23ad7d087e7","name":"Okiem Realisty","image":{"@type":"ImageObject","inLanguage":"pl-PL","@id":"https:\/\/okiemrealisty.pl\/wp-content\/uploads\/2024\/05\/cropped-Projekt-bez-nazwy-2.jpg","url":"https:\/\/okiemrealisty.pl\/wp-content\/uploads\/2024\/05\/cropped-Projekt-bez-nazwy-2.jpg","contentUrl":"https:\/\/okiemrealisty.pl\/wp-content\/uploads\/2024\/05\/cropped-Projekt-bez-nazwy-2.jpg","width":240,"height":240,"caption":"Okiem Realisty"},"logo":{"@id":"https:\/\/okiemrealisty.pl\/wp-content\/uploads\/2024\/05\/cropped-Projekt-bez-nazwy-2.jpg"},"url":"https:\/\/okiemrealisty.pl\/index.php\/author\/darqcrow\/"}]}},"_links":{"self":[{"href":"https:\/\/okiemrealisty.pl\/index.php\/wp-json\/wp\/v2\/posts\/174","targetHints":{"allow":["GET"]}}],"collection":[{"href":"https:\/\/okiemrealisty.pl\/index.php\/wp-json\/wp\/v2\/posts"}],"about":[{"href":"https:\/\/okiemrealisty.pl\/index.php\/wp-json\/wp\/v2\/types\/post"}],"author":[{"embeddable":true,"href":"https:\/\/okiemrealisty.pl\/index.php\/wp-json\/wp\/v2\/users\/1"}],"replies":[{"embeddable":true,"href":"https:\/\/okiemrealisty.pl\/index.php\/wp-json\/wp\/v2\/comments?post=174"}],"version-history":[{"count":2,"href":"https:\/\/okiemrealisty.pl\/index.php\/wp-json\/wp\/v2\/posts\/174\/revisions"}],"predecessor-version":[{"id":285,"href":"https:\/\/okiemrealisty.pl\/index.php\/wp-json\/wp\/v2\/posts\/174\/revisions\/285"}],"wp:featuredmedia":[{"embeddable":true,"href":"https:\/\/okiemrealisty.pl\/index.php\/wp-json\/wp\/v2\/media\/176"}],"wp:attachment":[{"href":"https:\/\/okiemrealisty.pl\/index.php\/wp-json\/wp\/v2\/media?parent=174"}],"wp:term":[{"taxonomy":"category","embeddable":true,"href":"https:\/\/okiemrealisty.pl\/index.php\/wp-json\/wp\/v2\/categories?post=174"},{"taxonomy":"post_tag","embeddable":true,"href":"https:\/\/okiemrealisty.pl\/index.php\/wp-json\/wp\/v2\/tags?post=174"}],"curies":[{"name":"wp","href":"https:\/\/api.w.org\/{rel}","templated":true}]}}