{"id":198,"date":"2019-10-01T11:08:28","date_gmt":"2019-10-01T09:08:28","guid":{"rendered":"https:\/\/okiemrealisty.pl\/?p=198"},"modified":"2024-05-07T10:36:12","modified_gmt":"2024-05-07T08:36:12","slug":"beautydaysblogger-relacja-z-targow-beauty-days-2019-w-ptak-warsaw-expo","status":"publish","type":"post","link":"https:\/\/okiemrealisty.pl\/index.php\/2019\/10\/01\/beautydaysblogger-relacja-z-targow-beauty-days-2019-w-ptak-warsaw-expo\/","title":{"rendered":"#BEAUTYDAYSBLOGGER &#8211; Relacja z Targ\u00f3w BEAUTY DAYS 2019 w PTAK WARSAW EXPO"},"content":{"rendered":"<div class=\"wp-block-image\">\n<figure class=\"aligncenter size-large is-resized\"><img loading=\"lazy\" decoding=\"async\" width=\"768\" height=\"1024\" src=\"https:\/\/okiemrealisty.pl\/wp-content\/uploads\/2024\/04\/LRM_EXPORT_741185291919107_20190930_095426369-768x1024.jpeg\" alt=\"\" class=\"wp-image-199\" style=\"width:457px;height:auto\" srcset=\"https:\/\/okiemrealisty.pl\/wp-content\/uploads\/2024\/04\/LRM_EXPORT_741185291919107_20190930_095426369-768x1024.jpeg 768w, https:\/\/okiemrealisty.pl\/wp-content\/uploads\/2024\/04\/LRM_EXPORT_741185291919107_20190930_095426369-225x300.jpeg 225w, https:\/\/okiemrealisty.pl\/wp-content\/uploads\/2024\/04\/LRM_EXPORT_741185291919107_20190930_095426369-1152x1536.jpeg 1152w, https:\/\/okiemrealisty.pl\/wp-content\/uploads\/2024\/04\/LRM_EXPORT_741185291919107_20190930_095426369.jpeg 1200w\" sizes=\"auto, (max-width: 709px) 85vw, (max-width: 909px) 67vw, (max-width: 984px) 61vw, (max-width: 1362px) 45vw, 600px\" \/><\/figure>\n<\/div>\n\n\n<p><strong>T<\/strong>ak si\u0119 fajnie z\u0142o\u017cy\u0142o, \u017ce uda\u0142o mi si\u0119 dosta\u0107 na blogerski event #beautydaysblogger2019 organizowany przez&nbsp;<a href=\"https:\/\/beautydays.pl\/\">Targi Beauty Days<\/a>. Targi co roku odbywaj\u0105 si\u0119 we wrze\u015bniu w Nadarzynie pod Warszaw\u0105. Opr\u00f3cz strefy blogera na Beauty Days mog\u0142em poszale\u0107 te\u017c na targach Barberskich, kt\u00f3re s\u0105 bardzo bliskie mojemu sercu;) a raczej brodzie jak wida\u0107&#8230;<a><\/a><\/p>\n\n\n\n<p>B\u0119d\u0105c na tego typu targach trzeba sobie zarezerwowa\u0107 du\u017co czasu i by\u0107 przygotowanym na przej\u015bcie kilku kilometr\u00f3w, bo stoisk jest du\u017co, alejki si\u0119 mi\u0119dzy sob\u0105 przeplataj\u0105 i czasem trafia si\u0119 po kilka razy w to samo miejsce.&nbsp;<\/p>\n\n\n\n<p>Wi\u0119c tutaj wspomn\u0119 jedynie wycinek, o kt\u00f3rym w danej chwili pami\u0119tam. Wi\u0119c w miar\u0119 up\u0142ywu czasu na pewno jeszcze b\u0119d\u0119 wraca\u0107 do wra\u017ce\u0144 z tego tygodnia w Warszawie.<\/p>\n\n\n\n<h2 class=\"wp-block-heading\">Pierwsze spojrzenia na stoiska targowe<\/h2>\n\n\n\n<p>Eleganckie stoisko&nbsp;<a href=\"https:\/\/www.pureheals.pl\/\" target=\"_blank\" rel=\"noreferrer noopener\">@PureHeals<\/a>&nbsp;tego dnia zachwyca\u0142o kolorami i ekskluzywno\u015bci\u0105. Dla mnie najfajniejsza by\u0142a mo\u017cliwo\u015b\u0107 kreatywnego podej\u015bcia do zdj\u0119\u0107 ich produkt\u00f3w. By\u0142o mn\u00f3stwo element\u00f3w typu ro\u015blin, bry\u0142ek w\u0119gla, koszyczk\u00f3w, by ka\u017cdy m\u00f3g\u0142&nbsp;stworzy\u0107 w\u0142asn\u0105 kompozycj\u0119 pod swoje zdj\u0119cie.&nbsp;Na stoisku za gotow\u0105 kreacj\u0119 oczywi\u015bcie mo\u017cna by\u0142o otrzyma\u0107 ma\u0142y upominek piel\u0119gnacyjny, ale o tym p\u00f3\u017aniej.<\/p>\n\n\n\n<figure class=\"wp-block-image size-large\"><img loading=\"lazy\" decoding=\"async\" width=\"1024\" height=\"1024\" src=\"https:\/\/okiemrealisty.pl\/wp-content\/uploads\/2024\/04\/LRM_EXPORT_741199135238376_20190930_095440212-1024x1024.jpeg\" alt=\"\" class=\"wp-image-200\" srcset=\"https:\/\/okiemrealisty.pl\/wp-content\/uploads\/2024\/04\/LRM_EXPORT_741199135238376_20190930_095440212-1024x1024.jpeg 1024w, https:\/\/okiemrealisty.pl\/wp-content\/uploads\/2024\/04\/LRM_EXPORT_741199135238376_20190930_095440212-300x300.jpeg 300w, https:\/\/okiemrealisty.pl\/wp-content\/uploads\/2024\/04\/LRM_EXPORT_741199135238376_20190930_095440212-150x150.jpeg 150w, https:\/\/okiemrealisty.pl\/wp-content\/uploads\/2024\/04\/LRM_EXPORT_741199135238376_20190930_095440212-768x768.jpeg 768w, https:\/\/okiemrealisty.pl\/wp-content\/uploads\/2024\/04\/LRM_EXPORT_741199135238376_20190930_095440212-1536x1536.jpeg 1536w, https:\/\/okiemrealisty.pl\/wp-content\/uploads\/2024\/04\/LRM_EXPORT_741199135238376_20190930_095440212-1200x1200.jpeg 1200w, https:\/\/okiemrealisty.pl\/wp-content\/uploads\/2024\/04\/LRM_EXPORT_741199135238376_20190930_095440212.jpeg 1600w\" sizes=\"auto, (max-width: 709px) 85vw, (max-width: 909px) 67vw, (max-width: 1362px) 62vw, 840px\" \/><\/figure>\n\n\n\n<p>Mi\u0142o by\u0142o te\u017c podpatrze\u0107 jak pracuje Daniel Sobie\u015bniewski, jak i inni wiza\u017cy\u015bci. Bo tak, w zawodach takich jak kosmetyczki, wiza\u017cy\u015bci, styli\u015bci, fryzjerzy czy nawet styli\u015bci paznokci jest du\u017ce grono m\u0119\u017cczyzn. I wiem co sobie pomy\u015blicie. Ale nie jest to jednoznaczne z ich orientacj\u0105. W tym zawodzie s\u0105 r\u00f3wnie\u017c dobrzy fachowcy posiadaj\u0105cy rodziny \ud83d\ude09 <\/p>\n\n\n\n<figure class=\"wp-block-image size-large\"><img loading=\"lazy\" decoding=\"async\" width=\"768\" height=\"1024\" src=\"https:\/\/okiemrealisty.pl\/wp-content\/uploads\/2024\/04\/LRM_EXPORT_741208265700874_20190930_095449343-768x1024.jpeg\" alt=\"\" class=\"wp-image-201\" srcset=\"https:\/\/okiemrealisty.pl\/wp-content\/uploads\/2024\/04\/LRM_EXPORT_741208265700874_20190930_095449343-768x1023.jpeg 768w, https:\/\/okiemrealisty.pl\/wp-content\/uploads\/2024\/04\/LRM_EXPORT_741208265700874_20190930_095449343-225x300.jpeg 225w, https:\/\/okiemrealisty.pl\/wp-content\/uploads\/2024\/04\/LRM_EXPORT_741208265700874_20190930_095449343-1153x1536.jpeg 1153w, https:\/\/okiemrealisty.pl\/wp-content\/uploads\/2024\/04\/LRM_EXPORT_741208265700874_20190930_095449343.jpeg 1200w\" sizes=\"auto, (max-width: 709px) 85vw, (max-width: 909px) 67vw, (max-width: 984px) 61vw, (max-width: 1362px) 45vw, 600px\" \/><\/figure>\n\n\n\n<p>Na stoisku marki&nbsp;<a href=\"https:\/\/sklep.bi-es.eu\/\" target=\"_blank\" rel=\"noreferrer noopener\">@Bi-Es<\/a>, by\u0142y dobrze mi znane zapachy, jak i takie, kt\u00f3ra firma dopiero wprowadzi\u0142a na rynek.&nbsp;<\/p>\n\n\n\n<figure class=\"wp-block-image size-large\"><img loading=\"lazy\" decoding=\"async\" width=\"507\" height=\"1024\" src=\"https:\/\/okiemrealisty.pl\/wp-content\/uploads\/2024\/04\/LRM_EXPORT_741909769739309_20190930_100944406-507x1024.jpeg\" alt=\"\" class=\"wp-image-202\" srcset=\"https:\/\/okiemrealisty.pl\/wp-content\/uploads\/2024\/04\/LRM_EXPORT_741909769739309_20190930_100944406-507x1024.jpeg 507w, https:\/\/okiemrealisty.pl\/wp-content\/uploads\/2024\/04\/LRM_EXPORT_741909769739309_20190930_100944406-149x300.jpeg 149w, https:\/\/okiemrealisty.pl\/wp-content\/uploads\/2024\/04\/LRM_EXPORT_741909769739309_20190930_100944406-768x1552.jpeg 768w, https:\/\/okiemrealisty.pl\/wp-content\/uploads\/2024\/04\/LRM_EXPORT_741909769739309_20190930_100944406-760x1536.jpeg 760w, https:\/\/okiemrealisty.pl\/wp-content\/uploads\/2024\/04\/LRM_EXPORT_741909769739309_20190930_100944406.jpeg 792w\" sizes=\"auto, (max-width: 507px) 85vw, 507px\" \/><\/figure>\n\n\n\n<p>Konopna&nbsp;<a href=\"http:\/\/nutka-kosmetyki.pl\/\" target=\"_blank\" rel=\"noreferrer noopener\">@Nutka<\/a>&nbsp;te\u017c zach\u0119ca\u0142a by j\u0105 odwiedzi\u0107<\/p>\n\n\n\n<figure class=\"wp-block-image size-large\"><img loading=\"lazy\" decoding=\"async\" width=\"507\" height=\"1024\" src=\"https:\/\/okiemrealisty.pl\/wp-content\/uploads\/2024\/04\/LRM_EXPORT_741963282080447_20190930_101037919-507x1024.jpeg\" alt=\"\" class=\"wp-image-204\" srcset=\"https:\/\/okiemrealisty.pl\/wp-content\/uploads\/2024\/04\/LRM_EXPORT_741963282080447_20190930_101037919-507x1024.jpeg 507w, https:\/\/okiemrealisty.pl\/wp-content\/uploads\/2024\/04\/LRM_EXPORT_741963282080447_20190930_101037919-149x300.jpeg 149w, https:\/\/okiemrealisty.pl\/wp-content\/uploads\/2024\/04\/LRM_EXPORT_741963282080447_20190930_101037919-768x1552.jpeg 768w, https:\/\/okiemrealisty.pl\/wp-content\/uploads\/2024\/04\/LRM_EXPORT_741963282080447_20190930_101037919-760x1536.jpeg 760w, https:\/\/okiemrealisty.pl\/wp-content\/uploads\/2024\/04\/LRM_EXPORT_741963282080447_20190930_101037919.jpeg 792w\" sizes=\"auto, (max-width: 507px) 85vw, 507px\" \/><\/figure>\n\n\n\n<figure class=\"wp-block-image size-large\"><img loading=\"lazy\" decoding=\"async\" width=\"507\" height=\"1024\" src=\"https:\/\/okiemrealisty.pl\/wp-content\/uploads\/2024\/04\/LRM_EXPORT_741984080561173_20190930_101058717-507x1024.jpeg\" alt=\"\" class=\"wp-image-203\" srcset=\"https:\/\/okiemrealisty.pl\/wp-content\/uploads\/2024\/04\/LRM_EXPORT_741984080561173_20190930_101058717-507x1024.jpeg 507w, https:\/\/okiemrealisty.pl\/wp-content\/uploads\/2024\/04\/LRM_EXPORT_741984080561173_20190930_101058717-149x300.jpeg 149w, https:\/\/okiemrealisty.pl\/wp-content\/uploads\/2024\/04\/LRM_EXPORT_741984080561173_20190930_101058717-768x1552.jpeg 768w, https:\/\/okiemrealisty.pl\/wp-content\/uploads\/2024\/04\/LRM_EXPORT_741984080561173_20190930_101058717-760x1536.jpeg 760w, https:\/\/okiemrealisty.pl\/wp-content\/uploads\/2024\/04\/LRM_EXPORT_741984080561173_20190930_101058717.jpeg 792w\" sizes=\"auto, (max-width: 507px) 85vw, 507px\" \/><\/figure>\n\n\n\n<p><\/p>\n\n\n\n<h2 class=\"wp-block-heading\">Okazja do poznania nowych marek i kosmetyk\u00f3w<\/h2>\n\n\n\n<p>Jednak trzeba pami\u0119ta\u0107, \u017ce targi to \u015bwietna okazja do zakupu dobrych kosmetyk\u00f3w. Niekt\u00f3re by\u0142y ju\u017c na mojej li\u015bcie do kupienia, inne dopiero pozna\u0142em w\u0105chaj\u0105c lub rozmawiaj\u0105c z przedstawicielami na stoisku.<\/p>\n\n\n\n<figure class=\"wp-block-image size-large\"><img loading=\"lazy\" decoding=\"async\" width=\"768\" height=\"1024\" src=\"https:\/\/okiemrealisty.pl\/wp-content\/uploads\/2024\/04\/LRM_EXPORT_740806725497290_20190930_094807802-768x1024.jpeg\" alt=\"\" class=\"wp-image-206\" srcset=\"https:\/\/okiemrealisty.pl\/wp-content\/uploads\/2024\/04\/LRM_EXPORT_740806725497290_20190930_094807802-768x1024.jpeg 768w, https:\/\/okiemrealisty.pl\/wp-content\/uploads\/2024\/04\/LRM_EXPORT_740806725497290_20190930_094807802-225x300.jpeg 225w, https:\/\/okiemrealisty.pl\/wp-content\/uploads\/2024\/04\/LRM_EXPORT_740806725497290_20190930_094807802-1152x1536.jpeg 1152w, https:\/\/okiemrealisty.pl\/wp-content\/uploads\/2024\/04\/LRM_EXPORT_740806725497290_20190930_094807802.jpeg 1200w\" sizes=\"auto, (max-width: 709px) 85vw, (max-width: 909px) 67vw, (max-width: 984px) 61vw, (max-width: 1362px) 45vw, 600px\" \/><\/figure>\n\n\n\n<figure class=\"wp-block-image size-large\"><img loading=\"lazy\" decoding=\"async\" width=\"768\" height=\"1024\" src=\"https:\/\/okiemrealisty.pl\/wp-content\/uploads\/2024\/04\/LRM_EXPORT_740826302511870_20190930_094827379-768x1024.jpeg\" alt=\"\" class=\"wp-image-207\" srcset=\"https:\/\/okiemrealisty.pl\/wp-content\/uploads\/2024\/04\/LRM_EXPORT_740826302511870_20190930_094827379-768x1024.jpeg 768w, https:\/\/okiemrealisty.pl\/wp-content\/uploads\/2024\/04\/LRM_EXPORT_740826302511870_20190930_094827379-225x300.jpeg 225w, https:\/\/okiemrealisty.pl\/wp-content\/uploads\/2024\/04\/LRM_EXPORT_740826302511870_20190930_094827379-1152x1536.jpeg 1152w, https:\/\/okiemrealisty.pl\/wp-content\/uploads\/2024\/04\/LRM_EXPORT_740826302511870_20190930_094827379.jpeg 1200w\" sizes=\"auto, (max-width: 709px) 85vw, (max-width: 909px) 67vw, (max-width: 984px) 61vw, (max-width: 1362px) 45vw, 600px\" \/><\/figure>\n\n\n\n<p><a href=\"http:\/\/laq.pl\/\" target=\"_blank\" rel=\"noreferrer noopener\">@LaQ<\/a>&nbsp;bardzo mi bliskie po u\u017cywaniu s\u0142awnego \u017celu i myd\u0142a dla facet\u00f3w. Marka ma moim zdaniem \u015bwietny marketing i za to przede wszystkim j\u0105 ceni\u0119. Ale r\u00f3wnie\u017c i jako\u015b\u0107 produkt\u00f3w zach\u0119ca do bycia wiernym tej marce. Zw\u0142aszcza, \u017ce to polska firma, kt\u00f3ra za\u0142o\u017cy\u0142a blogerka wraz ze swoim m\u0119\u017cem. Ogromny szacun i powodzenia na dalsze lata. Tym razem postawi\u0142em na dzikusa z lasu, kt\u00f3ry naprawd\u0119 pachnie lasem. Zapach petarda!<\/p>\n\n\n\n<p>Bezpo\u015brednio na temat innego \u017celu od LAQ przeczytasz tutaj:<\/p>\n\n\n\n<div class=\"wp-block-buttons is-layout-flex wp-block-buttons-is-layout-flex\">\n<div class=\"wp-block-button\"><a class=\"wp-block-button__link wp-element-button\" href=\"https:\/\/okiemrealisty.pl\/index.php\/2019\/04\/09\/mistrzowie-marketingu-od-laq-pl-czyli-zel-dla-facetow\/\" target=\"_blank\" rel=\"noreferrer noopener\">\u017bel dla Facet\u00f3w od LAQ<\/a><\/div>\n<\/div>\n\n\n\n<p>Z dzikiego lasu od razu uda\u0142em si\u0119 po rosyjskiego nied\u017awiedzia na stoisko&nbsp;<a href=\"https:\/\/naturasiberica.com.pl\/\" target=\"_blank\" rel=\"noreferrer noopener\">@NaturaSiberica<\/a>&#8230;<\/p>\n\n\n\n<figure class=\"wp-block-image size-large\"><img loading=\"lazy\" decoding=\"async\" width=\"768\" height=\"1024\" src=\"https:\/\/okiemrealisty.pl\/wp-content\/uploads\/2024\/04\/LRM_EXPORT_741029414669131_20190930_095150491-768x1024.jpeg\" alt=\"\" class=\"wp-image-205\" srcset=\"https:\/\/okiemrealisty.pl\/wp-content\/uploads\/2024\/04\/LRM_EXPORT_741029414669131_20190930_095150491-768x1024.jpeg 768w, https:\/\/okiemrealisty.pl\/wp-content\/uploads\/2024\/04\/LRM_EXPORT_741029414669131_20190930_095150491-225x300.jpeg 225w, https:\/\/okiemrealisty.pl\/wp-content\/uploads\/2024\/04\/LRM_EXPORT_741029414669131_20190930_095150491-1152x1536.jpeg 1152w, https:\/\/okiemrealisty.pl\/wp-content\/uploads\/2024\/04\/LRM_EXPORT_741029414669131_20190930_095150491.jpeg 1200w\" sizes=\"auto, (max-width: 709px) 85vw, (max-width: 909px) 67vw, (max-width: 984px) 61vw, (max-width: 1362px) 45vw, 600px\" \/><\/figure>\n\n\n\n<figure class=\"wp-block-image size-large\"><img loading=\"lazy\" decoding=\"async\" width=\"768\" height=\"1024\" src=\"https:\/\/okiemrealisty.pl\/wp-content\/uploads\/2024\/04\/LRM_EXPORT_741047288941003_20190930_095208366-768x1024.jpeg\" alt=\"\" class=\"wp-image-208\" srcset=\"https:\/\/okiemrealisty.pl\/wp-content\/uploads\/2024\/04\/LRM_EXPORT_741047288941003_20190930_095208366-768x1024.jpeg 768w, https:\/\/okiemrealisty.pl\/wp-content\/uploads\/2024\/04\/LRM_EXPORT_741047288941003_20190930_095208366-225x300.jpeg 225w, https:\/\/okiemrealisty.pl\/wp-content\/uploads\/2024\/04\/LRM_EXPORT_741047288941003_20190930_095208366-1152x1536.jpeg 1152w, https:\/\/okiemrealisty.pl\/wp-content\/uploads\/2024\/04\/LRM_EXPORT_741047288941003_20190930_095208366.jpeg 1200w\" sizes=\"auto, (max-width: 709px) 85vw, (max-width: 909px) 67vw, (max-width: 984px) 61vw, (max-width: 1362px) 45vw, 600px\" \/><\/figure>\n\n\n\n<p>Jest to \u017cel do mycia twarzy. Zobaczymy jak sprawi si\u0119 przy d\u0142u\u017cszym stosowaniu.<\/p>\n\n\n\n<p>Na tej &#8222;bardziej klimatycznej&#8221; cz\u0119\u015bci dotycz\u0105cych brodaczy mo\u017cna by\u0142o upolowa\u0107 naprawd\u0119 per\u0142y. Z polecenia kolegi musia\u0142em kupi\u0107 olejek z&nbsp;<a href=\"https:\/\/proraso.com\/\" target=\"_blank\" rel=\"noreferrer noopener\">@Proraso<\/a>. Pani na stoisku bed\u0105ca oficjalnym przedstawicielem tej marki w Polsce&nbsp;<a href=\"http:\/\/voltbaltija.pl\/\" target=\"_blank\" rel=\"noreferrer noopener\">VOLT BALTIJA POLSKA<\/a>&nbsp;opr\u00f3cz szczeg\u00f3\u0142owego przedstawienia historii i za\u0142o\u017ce\u0144 marki pomog\u0142a wybra\u0107 mi olejek oraz dorzuci\u0142a par\u0119 &#8222;gift\u00f3w&#8221;, za kt\u00f3re bardzo dzi\u0119kuj\u0119.<\/p>\n\n\n\n<figure class=\"wp-block-image size-large\"><img loading=\"lazy\" decoding=\"async\" width=\"768\" height=\"1024\" src=\"https:\/\/okiemrealisty.pl\/wp-content\/uploads\/2024\/04\/LRM_EXPORT_742328327283516_20190930_102828484-768x1024.jpeg\" alt=\"\" class=\"wp-image-209\" srcset=\"https:\/\/okiemrealisty.pl\/wp-content\/uploads\/2024\/04\/LRM_EXPORT_742328327283516_20190930_102828484-768x1024.jpeg 768w, https:\/\/okiemrealisty.pl\/wp-content\/uploads\/2024\/04\/LRM_EXPORT_742328327283516_20190930_102828484-225x300.jpeg 225w, https:\/\/okiemrealisty.pl\/wp-content\/uploads\/2024\/04\/LRM_EXPORT_742328327283516_20190930_102828484-1152x1536.jpeg 1152w, https:\/\/okiemrealisty.pl\/wp-content\/uploads\/2024\/04\/LRM_EXPORT_742328327283516_20190930_102828484.jpeg 1200w\" sizes=\"auto, (max-width: 709px) 85vw, (max-width: 909px) 67vw, (max-width: 984px) 61vw, (max-width: 1362px) 45vw, 600px\" \/><\/figure>\n\n\n\n<figure class=\"wp-block-image size-large\"><img loading=\"lazy\" decoding=\"async\" width=\"768\" height=\"1024\" src=\"https:\/\/okiemrealisty.pl\/wp-content\/uploads\/2024\/04\/LRM_EXPORT_742297737947583_20190930_102757895-768x1024.jpeg\" alt=\"\" class=\"wp-image-210\" srcset=\"https:\/\/okiemrealisty.pl\/wp-content\/uploads\/2024\/04\/LRM_EXPORT_742297737947583_20190930_102757895-768x1024.jpeg 768w, https:\/\/okiemrealisty.pl\/wp-content\/uploads\/2024\/04\/LRM_EXPORT_742297737947583_20190930_102757895-225x300.jpeg 225w, https:\/\/okiemrealisty.pl\/wp-content\/uploads\/2024\/04\/LRM_EXPORT_742297737947583_20190930_102757895-1152x1536.jpeg 1152w, https:\/\/okiemrealisty.pl\/wp-content\/uploads\/2024\/04\/LRM_EXPORT_742297737947583_20190930_102757895.jpeg 1200w\" sizes=\"auto, (max-width: 709px) 85vw, (max-width: 909px) 67vw, (max-width: 984px) 61vw, (max-width: 1362px) 45vw, 600px\" \/><\/figure>\n\n\n\n<figure class=\"wp-block-image size-large\"><img loading=\"lazy\" decoding=\"async\" width=\"768\" height=\"1024\" src=\"https:\/\/okiemrealisty.pl\/wp-content\/uploads\/2024\/04\/LRM_EXPORT_742352018878825_20190930_102852176-768x1024.jpeg\" alt=\"\" class=\"wp-image-211\" srcset=\"https:\/\/okiemrealisty.pl\/wp-content\/uploads\/2024\/04\/LRM_EXPORT_742352018878825_20190930_102852176-768x1024.jpeg 768w, https:\/\/okiemrealisty.pl\/wp-content\/uploads\/2024\/04\/LRM_EXPORT_742352018878825_20190930_102852176-225x300.jpeg 225w, https:\/\/okiemrealisty.pl\/wp-content\/uploads\/2024\/04\/LRM_EXPORT_742352018878825_20190930_102852176-1152x1536.jpeg 1152w, https:\/\/okiemrealisty.pl\/wp-content\/uploads\/2024\/04\/LRM_EXPORT_742352018878825_20190930_102852176.jpeg 1200w\" sizes=\"auto, (max-width: 709px) 85vw, (max-width: 909px) 67vw, (max-width: 984px) 61vw, (max-width: 1362px) 45vw, 600px\" \/><\/figure>\n\n\n\n<p><\/p>\n\n\n\n<p>Co\u015b nie planowanego, ale z nadziej\u0105 na bardzo dobre rezultaty. Zakup to wybielaj\u0105ca pasta do z\u0119b\u00f3w White Glow ze stoiska&nbsp;<a href=\"https:\/\/saiko-med.pl\/\" target=\"_blank\" rel=\"noreferrer noopener\">@SaikoMed<\/a>. Po pierwszych u\u017cyciach naprawd\u0119 wydaje si\u0119 fajna. Przyjemny smak i mam wra\u017cenia, \u017ce efekt pojawia si\u0119 ju\u017c od pierwszych u\u017cy\u0107.<br><\/p>\n\n\n\n<figure class=\"wp-block-image size-large\"><img loading=\"lazy\" decoding=\"async\" width=\"768\" height=\"1024\" src=\"https:\/\/okiemrealisty.pl\/wp-content\/uploads\/2024\/04\/LRM_EXPORT_739267976202733_20190930_091057333-768x1024.jpeg\" alt=\"\" class=\"wp-image-212\" srcset=\"https:\/\/okiemrealisty.pl\/wp-content\/uploads\/2024\/04\/LRM_EXPORT_739267976202733_20190930_091057333-768x1024.jpeg 768w, https:\/\/okiemrealisty.pl\/wp-content\/uploads\/2024\/04\/LRM_EXPORT_739267976202733_20190930_091057333-225x300.jpeg 225w, https:\/\/okiemrealisty.pl\/wp-content\/uploads\/2024\/04\/LRM_EXPORT_739267976202733_20190930_091057333-1152x1536.jpeg 1152w, https:\/\/okiemrealisty.pl\/wp-content\/uploads\/2024\/04\/LRM_EXPORT_739267976202733_20190930_091057333.jpeg 1200w\" sizes=\"auto, (max-width: 709px) 85vw, (max-width: 909px) 67vw, (max-width: 984px) 61vw, (max-width: 1362px) 45vw, 600px\" \/><\/figure>\n\n\n\n<p>Bardzo \u017ca\u0142owa\u0142em , \u017ce nie by\u0142o&nbsp;<a href=\"https:\/\/cyrulicy.pl\/\" target=\"_blank\" rel=\"noreferrer noopener\">Cyrulickich&nbsp;<\/a>ale i tak ich znalaz\u0142em w sklepie @<a href=\"https:\/\/afterbarber.pl\/\" target=\"_blank\" rel=\"noreferrer noopener\">AfterBarber<\/a>&nbsp;i zakupi\u0142em rumowe myd\u0142o do brody, z poprzednich czarno-bia\u0142ych by\u0142em bardzo zadowolony i by\u0142em r\u00f3wnie ciekawy czy rum da rad\u0119. (Powiem wst\u0119pnie, \u017ce &#8230;daje;)<\/p>\n\n\n\n<figure class=\"wp-block-image size-large\"><img loading=\"lazy\" decoding=\"async\" width=\"768\" height=\"1024\" src=\"https:\/\/okiemrealisty.pl\/wp-content\/uploads\/2024\/04\/LRM_EXPORT_739883133298473_20190930_092649170-768x1024.jpeg\" alt=\"\" class=\"wp-image-213\" srcset=\"https:\/\/okiemrealisty.pl\/wp-content\/uploads\/2024\/04\/LRM_EXPORT_739883133298473_20190930_092649170-768x1024.jpeg 768w, https:\/\/okiemrealisty.pl\/wp-content\/uploads\/2024\/04\/LRM_EXPORT_739883133298473_20190930_092649170-225x300.jpeg 225w, https:\/\/okiemrealisty.pl\/wp-content\/uploads\/2024\/04\/LRM_EXPORT_739883133298473_20190930_092649170-1152x1536.jpeg 1152w, https:\/\/okiemrealisty.pl\/wp-content\/uploads\/2024\/04\/LRM_EXPORT_739883133298473_20190930_092649170.jpeg 1200w\" sizes=\"auto, (max-width: 709px) 85vw, (max-width: 909px) 67vw, (max-width: 984px) 61vw, (max-width: 1362px) 45vw, 600px\" \/><\/figure>\n\n\n\n<p>Stoiska barberskie zawsze prezentowa\u0142y si\u0119 nietuzinkowo, cho\u0107 \u017ca\u0142uj\u0119, \u017ce tak ma\u0142o zdj\u0119\u0107 im porobi\u0142em.&nbsp;<\/p>\n\n\n\n<figure class=\"wp-block-image size-large\"><img loading=\"lazy\" decoding=\"async\" width=\"1024\" height=\"1024\" src=\"https:\/\/okiemrealisty.pl\/wp-content\/uploads\/2024\/04\/LRM_EXPORT_741164671730048_20190930_095405749-1024x1024.jpeg\" alt=\"\" class=\"wp-image-214\" srcset=\"https:\/\/okiemrealisty.pl\/wp-content\/uploads\/2024\/04\/LRM_EXPORT_741164671730048_20190930_095405749-1024x1024.jpeg 1024w, https:\/\/okiemrealisty.pl\/wp-content\/uploads\/2024\/04\/LRM_EXPORT_741164671730048_20190930_095405749-300x300.jpeg 300w, https:\/\/okiemrealisty.pl\/wp-content\/uploads\/2024\/04\/LRM_EXPORT_741164671730048_20190930_095405749-150x150.jpeg 150w, https:\/\/okiemrealisty.pl\/wp-content\/uploads\/2024\/04\/LRM_EXPORT_741164671730048_20190930_095405749-768x768.jpeg 768w, https:\/\/okiemrealisty.pl\/wp-content\/uploads\/2024\/04\/LRM_EXPORT_741164671730048_20190930_095405749-1536x1536.jpeg 1536w, https:\/\/okiemrealisty.pl\/wp-content\/uploads\/2024\/04\/LRM_EXPORT_741164671730048_20190930_095405749-1200x1200.jpeg 1200w, https:\/\/okiemrealisty.pl\/wp-content\/uploads\/2024\/04\/LRM_EXPORT_741164671730048_20190930_095405749.jpeg 1599w\" sizes=\"auto, (max-width: 709px) 85vw, (max-width: 909px) 67vw, (max-width: 1362px) 62vw, 840px\" \/><\/figure>\n\n\n\n<p><\/p>\n\n\n\n<h2 class=\"wp-block-heading\">Dary Losu, czyli czym marki kusi\u0142y?<\/h2>\n\n\n\n<p>A teraz pora na klasyczne blogerkie #darylosu czyli par\u0119 upomink\u00f3w ze strefy Beauty Days, mo\u017ce nie wszystko do mnie pasuje, ale znajdzie si\u0119 okazja do podarunku. Zawsze jako dodatek do prezentu \u015bwietnie si\u0119 sprawdzi.<\/p>\n\n\n\n<p>Poni\u017cej zawarto\u015b\u0107 mojej paczki:<\/p>\n\n\n\n<p>1. Targowe myde\u0142ka z logo<\/p>\n\n\n\n<figure class=\"wp-block-image size-large\"><img loading=\"lazy\" decoding=\"async\" width=\"768\" height=\"1024\" src=\"https:\/\/okiemrealisty.pl\/wp-content\/uploads\/2024\/04\/LRM_EXPORT_739577432737582_20190930_091846749-768x1024.jpeg\" alt=\"\" class=\"wp-image-215\" srcset=\"https:\/\/okiemrealisty.pl\/wp-content\/uploads\/2024\/04\/LRM_EXPORT_739577432737582_20190930_091846749-768x1024.jpeg 768w, https:\/\/okiemrealisty.pl\/wp-content\/uploads\/2024\/04\/LRM_EXPORT_739577432737582_20190930_091846749-225x300.jpeg 225w, https:\/\/okiemrealisty.pl\/wp-content\/uploads\/2024\/04\/LRM_EXPORT_739577432737582_20190930_091846749-1152x1536.jpeg 1152w, https:\/\/okiemrealisty.pl\/wp-content\/uploads\/2024\/04\/LRM_EXPORT_739577432737582_20190930_091846749.jpeg 1200w\" sizes=\"auto, (max-width: 709px) 85vw, (max-width: 909px) 67vw, (max-width: 984px) 61vw, (max-width: 1362px) 45vw, 600px\" \/><\/figure>\n\n\n\n<p>2. M\u0119skie 22 z serii numerycznej&nbsp;<a href=\"https:\/\/sklep.bi-es.eu\/\" target=\"_blank\" rel=\"noreferrer noopener\">Bi-Es<\/a><\/p>\n\n\n\n<figure class=\"wp-block-image size-large\"><img loading=\"lazy\" decoding=\"async\" width=\"768\" height=\"1024\" src=\"https:\/\/okiemrealisty.pl\/wp-content\/uploads\/2024\/04\/LRM_EXPORT_741090899355580_20190930_095251976-768x1024.jpeg\" alt=\"\" class=\"wp-image-216\" srcset=\"https:\/\/okiemrealisty.pl\/wp-content\/uploads\/2024\/04\/LRM_EXPORT_741090899355580_20190930_095251976-768x1024.jpeg 768w, https:\/\/okiemrealisty.pl\/wp-content\/uploads\/2024\/04\/LRM_EXPORT_741090899355580_20190930_095251976-225x300.jpeg 225w, https:\/\/okiemrealisty.pl\/wp-content\/uploads\/2024\/04\/LRM_EXPORT_741090899355580_20190930_095251976-1152x1536.jpeg 1152w, https:\/\/okiemrealisty.pl\/wp-content\/uploads\/2024\/04\/LRM_EXPORT_741090899355580_20190930_095251976.jpeg 1200w\" sizes=\"auto, (max-width: 709px) 85vw, (max-width: 909px) 67vw, (max-width: 984px) 61vw, (max-width: 1362px) 45vw, 600px\" \/><\/figure>\n\n\n\n<p>3. Pr\u00f3bka kremu&nbsp;<a href=\"https:\/\/biolaven.pl\/\" target=\"_blank\" rel=\"noreferrer noopener\">Biovalen<\/a><\/p>\n\n\n\n<figure class=\"wp-block-image size-large\"><img loading=\"lazy\" decoding=\"async\" width=\"768\" height=\"1024\" src=\"https:\/\/okiemrealisty.pl\/wp-content\/uploads\/2024\/04\/LRM_EXPORT_739435783175103_20190930_091620180-768x1024.jpeg\" alt=\"\" class=\"wp-image-217\" srcset=\"https:\/\/okiemrealisty.pl\/wp-content\/uploads\/2024\/04\/LRM_EXPORT_739435783175103_20190930_091620180-768x1024.jpeg 768w, https:\/\/okiemrealisty.pl\/wp-content\/uploads\/2024\/04\/LRM_EXPORT_739435783175103_20190930_091620180-225x300.jpeg 225w, https:\/\/okiemrealisty.pl\/wp-content\/uploads\/2024\/04\/LRM_EXPORT_739435783175103_20190930_091620180-1152x1536.jpeg 1152w, https:\/\/okiemrealisty.pl\/wp-content\/uploads\/2024\/04\/LRM_EXPORT_739435783175103_20190930_091620180.jpeg 1200w\" sizes=\"auto, (max-width: 709px) 85vw, (max-width: 909px) 67vw, (max-width: 984px) 61vw, (max-width: 1362px) 45vw, 600px\" \/><\/figure>\n\n\n\n<p>3.&nbsp;<a href=\"https:\/\/batiste.pl\/\" target=\"_blank\" rel=\"noreferrer noopener\">Batiste<\/a>&nbsp;jak zwykle tak\u017ce dorzuci\u0142o suchy szampon. Nie ukrywam, \u017ce czasem suchy szampon czy volumizer jest na li\u015bcie kosmetyk\u00f3w, kt\u00f3re czasem u\u017cywam.<\/p>\n\n\n\n<figure class=\"wp-block-image size-large\"><img loading=\"lazy\" decoding=\"async\" width=\"768\" height=\"1024\" src=\"https:\/\/okiemrealisty.pl\/wp-content\/uploads\/2024\/04\/LRM_EXPORT_740509487541085_20190930_093833044-768x1024.jpeg\" alt=\"\" class=\"wp-image-218\" srcset=\"https:\/\/okiemrealisty.pl\/wp-content\/uploads\/2024\/04\/LRM_EXPORT_740509487541085_20190930_093833044-768x1024.jpeg 768w, https:\/\/okiemrealisty.pl\/wp-content\/uploads\/2024\/04\/LRM_EXPORT_740509487541085_20190930_093833044-225x300.jpeg 225w, https:\/\/okiemrealisty.pl\/wp-content\/uploads\/2024\/04\/LRM_EXPORT_740509487541085_20190930_093833044-1152x1536.jpeg 1152w, https:\/\/okiemrealisty.pl\/wp-content\/uploads\/2024\/04\/LRM_EXPORT_740509487541085_20190930_093833044.jpeg 1200w\" sizes=\"auto, (max-width: 709px) 85vw, (max-width: 909px) 67vw, (max-width: 984px) 61vw, (max-width: 1362px) 45vw, 600px\" \/><\/figure>\n\n\n\n<p>4. Od\u017cywka do w\u0142os\u00f3w te\u017c si\u0119 przyda i tu wkracza marka Intensis&#8230;<\/p>\n\n\n\n<figure class=\"wp-block-image size-large\"><img loading=\"lazy\" decoding=\"async\" width=\"768\" height=\"1024\" src=\"https:\/\/okiemrealisty.pl\/wp-content\/uploads\/2024\/04\/LRM_EXPORT_740854459794678_20190930_094855537-768x1024.jpeg\" alt=\"\" class=\"wp-image-219\" srcset=\"https:\/\/okiemrealisty.pl\/wp-content\/uploads\/2024\/04\/LRM_EXPORT_740854459794678_20190930_094855537-768x1024.jpeg 768w, https:\/\/okiemrealisty.pl\/wp-content\/uploads\/2024\/04\/LRM_EXPORT_740854459794678_20190930_094855537-225x300.jpeg 225w, https:\/\/okiemrealisty.pl\/wp-content\/uploads\/2024\/04\/LRM_EXPORT_740854459794678_20190930_094855537-1152x1536.jpeg 1152w, https:\/\/okiemrealisty.pl\/wp-content\/uploads\/2024\/04\/LRM_EXPORT_740854459794678_20190930_094855537.jpeg 1200w\" sizes=\"auto, (max-width: 709px) 85vw, (max-width: 909px) 67vw, (max-width: 984px) 61vw, (max-width: 1362px) 45vw, 600px\" \/><\/figure>\n\n\n\n<p>5. Od\u017cywienie w\u0142os\u00f3w w czterech krokach? nie ma sprawy&#8230;&nbsp;<a href=\"https:\/\/arganicare.pl\/\" target=\"_blank\" rel=\"noreferrer noopener\">Arganicare<\/a><\/p>\n\n\n\n<figure class=\"wp-block-image size-large\"><img loading=\"lazy\" decoding=\"async\" width=\"768\" height=\"1024\" src=\"https:\/\/okiemrealisty.pl\/wp-content\/uploads\/2024\/04\/LRM_EXPORT_740876685242592_20190930_094917762-768x1024.jpeg\" alt=\"\" class=\"wp-image-220\" srcset=\"https:\/\/okiemrealisty.pl\/wp-content\/uploads\/2024\/04\/LRM_EXPORT_740876685242592_20190930_094917762-768x1024.jpeg 768w, https:\/\/okiemrealisty.pl\/wp-content\/uploads\/2024\/04\/LRM_EXPORT_740876685242592_20190930_094917762-225x300.jpeg 225w, https:\/\/okiemrealisty.pl\/wp-content\/uploads\/2024\/04\/LRM_EXPORT_740876685242592_20190930_094917762-1152x1536.jpeg 1152w, https:\/\/okiemrealisty.pl\/wp-content\/uploads\/2024\/04\/LRM_EXPORT_740876685242592_20190930_094917762.jpeg 1200w\" sizes=\"auto, (max-width: 709px) 85vw, (max-width: 909px) 67vw, (max-width: 984px) 61vw, (max-width: 1362px) 45vw, 600px\" \/><\/figure>\n\n\n\n<p>6.&nbsp;&nbsp;<a href=\"https:\/\/bathbee.pl\/\" target=\"_blank\" rel=\"noreferrer noopener\">BathBee&nbsp;<\/a>te\u017c co\u015b dorzuci\u0142o, ale do nich jeszcze wr\u00f3c\u0119 bo mam kilka spostrze\u017ce\u0144 i zdj\u0119\u0107 z ich stoiska. Ale to w osobnym po\u015bcie.<\/p>\n\n\n\n<figure class=\"wp-block-image size-large\"><img loading=\"lazy\" decoding=\"async\" width=\"768\" height=\"1024\" src=\"https:\/\/okiemrealisty.pl\/wp-content\/uploads\/2024\/04\/LRM_EXPORT_740779301853023_20190930_094740379-768x1024.jpeg\" alt=\"\" class=\"wp-image-221\" srcset=\"https:\/\/okiemrealisty.pl\/wp-content\/uploads\/2024\/04\/LRM_EXPORT_740779301853023_20190930_094740379-768x1024.jpeg 768w, https:\/\/okiemrealisty.pl\/wp-content\/uploads\/2024\/04\/LRM_EXPORT_740779301853023_20190930_094740379-225x300.jpeg 225w, https:\/\/okiemrealisty.pl\/wp-content\/uploads\/2024\/04\/LRM_EXPORT_740779301853023_20190930_094740379-1152x1536.jpeg 1152w, https:\/\/okiemrealisty.pl\/wp-content\/uploads\/2024\/04\/LRM_EXPORT_740779301853023_20190930_094740379.jpeg 1200w\" sizes=\"auto, (max-width: 709px) 85vw, (max-width: 909px) 67vw, (max-width: 984px) 61vw, (max-width: 1362px) 45vw, 600px\" \/><\/figure>\n\n\n\n<p><\/p>\n\n\n\n<p>7. Marka&nbsp;<a href=\"http:\/\/www.ardelllashes.com\/\" target=\"_blank\" rel=\"noreferrer noopener\">Ardell&nbsp;<\/a>obdarowa\u0142a rz\u0119sami wszystkich bez wzgl\u0119du na p\u0142e\u0107&#8230;;) Mo\u017ce przydadz\u0105 si\u0119 kiedy\u015b do sesji dla modelki \ud83d\ude09 Trzeba zakasa\u0107 r\u0119kawy i czasem wr\u00f3ci\u0107 do przygotowania sesji zdj\u0119ciowej w naszym pi\u0119knym mie\u015bcie.<\/p>\n\n\n\n<figure class=\"wp-block-image size-large\"><img loading=\"lazy\" decoding=\"async\" width=\"768\" height=\"1024\" src=\"https:\/\/okiemrealisty.pl\/wp-content\/uploads\/2024\/04\/LRM_EXPORT_740772337084274_20190930_094733414-768x1024.jpeg\" alt=\"\" class=\"wp-image-222\" srcset=\"https:\/\/okiemrealisty.pl\/wp-content\/uploads\/2024\/04\/LRM_EXPORT_740772337084274_20190930_094733414-768x1024.jpeg 768w, https:\/\/okiemrealisty.pl\/wp-content\/uploads\/2024\/04\/LRM_EXPORT_740772337084274_20190930_094733414-225x300.jpeg 225w, https:\/\/okiemrealisty.pl\/wp-content\/uploads\/2024\/04\/LRM_EXPORT_740772337084274_20190930_094733414-1152x1536.jpeg 1152w, https:\/\/okiemrealisty.pl\/wp-content\/uploads\/2024\/04\/LRM_EXPORT_740772337084274_20190930_094733414.jpeg 1200w\" sizes=\"auto, (max-width: 709px) 85vw, (max-width: 909px) 67vw, (max-width: 984px) 61vw, (max-width: 1362px) 45vw, 600px\" \/><\/figure>\n\n\n\n<p>8. Ponownie pojawi\u0142a si\u0119&nbsp;<a href=\"https:\/\/naturasiberica.com.pl\/\" target=\"_blank\" rel=\"noreferrer noopener\">Natura Siberica<\/a><\/p>\n\n\n\n<figure class=\"wp-block-image size-large\"><img loading=\"lazy\" decoding=\"async\" width=\"768\" height=\"1024\" src=\"https:\/\/okiemrealisty.pl\/wp-content\/uploads\/2024\/04\/LRM_EXPORT_740949966137372_20190930_095031043-768x1024.jpeg\" alt=\"\" class=\"wp-image-223\" srcset=\"https:\/\/okiemrealisty.pl\/wp-content\/uploads\/2024\/04\/LRM_EXPORT_740949966137372_20190930_095031043-768x1024.jpeg 768w, https:\/\/okiemrealisty.pl\/wp-content\/uploads\/2024\/04\/LRM_EXPORT_740949966137372_20190930_095031043-225x300.jpeg 225w, https:\/\/okiemrealisty.pl\/wp-content\/uploads\/2024\/04\/LRM_EXPORT_740949966137372_20190930_095031043-1152x1536.jpeg 1152w, https:\/\/okiemrealisty.pl\/wp-content\/uploads\/2024\/04\/LRM_EXPORT_740949966137372_20190930_095031043.jpeg 1200w\" sizes=\"auto, (max-width: 709px) 85vw, (max-width: 909px) 67vw, (max-width: 984px) 61vw, (max-width: 1362px) 45vw, 600px\" \/><\/figure>\n\n\n\n<p><\/p>\n\n\n\n<h2 class=\"wp-block-heading\">Organizacja Beuty Days &#8211; S\u0142\u00f3w kilka<\/h2>\n\n\n\n<p>Jednak co\u015b co mog\u0119 wspomnie\u0107 je\u015bli chodzi o organizacj\u0119. M\u0119skich bloger\u00f3w by\u0142o na prawd\u0119 niewielu. I niestety brakowa\u0142o personalizacji paczek. Znacznie bardziej bym si\u0119 cieszy\u0142 i by\u0142 wstanie wi\u0119cej napisa\u0107 je\u015bli dosta\u0142bym paczk\u0119 z kosmetykami skierowanymi do m\u0119\u017cczyzn. By\u0142by to mi\u0142y gest w stron\u0119 tak nielicznego grona w strefie bloger\u00f3w.<br><br>Og\u00f3lnie moje wra\u017cenie z tego roku by\u0142o znacznie lepsze je\u015bli chodzi o sprawy organizacyjne. Ale w tamtym by\u0142em zwyk\u0142ym odwiedzaj\u0105cym, w tym roku dzi\u0119ki zaproszeniu bardziej zwraca\u0142em uwag\u0119 na sprawy organizacyjne. Nie zapisa\u0142em si\u0119 na s\u0142awne ju\u017c warsztaty, wi\u0119c o nich nic nie wspomn\u0119. Ale Targi fajne, mn\u00f3stwo stoisk, mo\u017cliwo\u015b\u0107 porozmawiania o produktach z osobami je tworz\u0105cymi lub sprzedaj\u0105cym, a nie tylko przeczytanie etykiety jak w drogeriach. Wi\u0119c moim zdaniem warto wybra\u0107 si\u0119 i znale\u017a\u0107 odpowiednie produkty dla siebie.&nbsp;<\/p>\n\n\n\n<p>Kolejna Relacja z Targ\u00f3w beauty forum ju\u017c niebawem. Mia\u0142o mnie tam nie by\u0107, ale to z racji \u017ce odbywa\u0142y si\u0119 w podobnym terminie, to \u017cal by\u0142oby nie zobaczy\u0107 i nie por\u00f3wna\u0107 tych dw\u00f3ch event\u00f3w. A wi\u0119c jeszcze nie raz pojawi si\u0119 par\u0119 s\u0142\u00f3w o Beauty Days Blogger.<\/p>\n","protected":false},"excerpt":{"rendered":"<p>Tak si\u0119 fajnie z\u0142o\u017cy\u0142o, \u017ce uda\u0142o mi si\u0119 dosta\u0107 na blogerski event #beautydaysblogger2019 organizowany przez&nbsp;Targi Beauty Days. Targi co roku odbywaj\u0105 si\u0119 we wrze\u015bniu w Nadarzynie pod Warszaw\u0105. Opr\u00f3cz strefy blogera na Beauty Days mog\u0142em poszale\u0107 te\u017c na targach Barberskich, kt\u00f3re s\u0105 bardzo bliskie mojemu sercu;) a raczej brodzie jak wida\u0107&#8230; B\u0119d\u0105c na tego typu &hellip; <a href=\"https:\/\/okiemrealisty.pl\/index.php\/2019\/10\/01\/beautydaysblogger-relacja-z-targow-beauty-days-2019-w-ptak-warsaw-expo\/\" class=\"more-link\">Czytaj dalej<span class=\"screen-reader-text\"> \u201e#BEAUTYDAYSBLOGGER &#8211; Relacja z Targ\u00f3w BEAUTY DAYS 2019 w PTAK WARSAW EXPO\u201d<\/span><\/a><\/p>\n","protected":false},"author":1,"featured_media":214,"comment_status":"open","ping_status":"open","sticky":false,"template":"","format":"standard","meta":{"footnotes":""},"categories":[49,5,4],"tags":[111,61,113,114,109,89,56,80,100,104,115,57,108,112,110,116,117],"class_list":["post-198","post","type-post","status-publish","format-standard","has-post-thumbnail","hentry","category-lifestyle","category-kosmetyki","category-okiemrealisty","tag-batiste","tag-beard","tag-beauty","tag-beautydays","tag-beautydaysblogger","tag-bi-es","tag-brodacz","tag-cyrulicy","tag-kosmetyka-meska-2","tag-laq-pl","tag-naturasiberica","tag-olejek-do-brody","tag-proraso","tag-ptak-warsaw-expo","tag-pureheals","tag-saikomed","tag-targi-kosmetyczne"],"yoast_head":"<!-- This site is optimized with the Yoast SEO plugin v27.4 - https:\/\/yoast.com\/product\/yoast-seo-wordpress\/ -->\n<title>#BEAUTYDAYSBLOGGER - Relacja z Targ\u00f3w BEAUTY DAYS 2019 w PTAK WARSAW EXPO - Okiem Realisty<\/title>\n<meta name=\"description\" content=\"Relacja z targ\u00f3w Beauty Days, kt\u00f3re odby\u0142y si\u0119 w Warszawie. Znajdziesz, kr\u00f3tkie streszczenie, spostrze\u017cenia i co mo\u017cna by\u0142o znale\u017a\u0107.\" \/>\n<meta name=\"robots\" content=\"index, follow, max-snippet:-1, max-image-preview:large, max-video-preview:-1\" \/>\n<link rel=\"canonical\" href=\"https:\/\/okiemrealisty.pl\/index.php\/2019\/10\/01\/beautydaysblogger-relacja-z-targow-beauty-days-2019-w-ptak-warsaw-expo\/\" \/>\n<meta property=\"og:locale\" content=\"pl_PL\" \/>\n<meta property=\"og:type\" content=\"article\" \/>\n<meta property=\"og:title\" content=\"#BEAUTYDAYSBLOGGER - Relacja z Targ\u00f3w BEAUTY DAYS 2019 w PTAK WARSAW EXPO - Okiem Realisty\" \/>\n<meta property=\"og:description\" content=\"Relacja z targ\u00f3w Beauty Days, kt\u00f3re odby\u0142y si\u0119 w Warszawie. Znajdziesz, kr\u00f3tkie streszczenie, spostrze\u017cenia i co mo\u017cna by\u0142o znale\u017a\u0107.\" \/>\n<meta property=\"og:url\" content=\"https:\/\/okiemrealisty.pl\/index.php\/2019\/10\/01\/beautydaysblogger-relacja-z-targow-beauty-days-2019-w-ptak-warsaw-expo\/\" \/>\n<meta property=\"og:site_name\" content=\"Okiem Realisty\" \/>\n<meta property=\"article:published_time\" content=\"2019-10-01T09:08:28+00:00\" \/>\n<meta property=\"article:modified_time\" content=\"2024-05-07T08:36:12+00:00\" \/>\n<meta property=\"og:image\" content=\"https:\/\/okiemrealisty.pl\/wp-content\/uploads\/2024\/04\/LRM_EXPORT_741164671730048_20190930_095405749.jpeg\" \/>\n\t<meta property=\"og:image:width\" content=\"1599\" \/>\n\t<meta property=\"og:image:height\" content=\"1599\" \/>\n\t<meta property=\"og:image:type\" content=\"image\/jpeg\" \/>\n<meta name=\"author\" content=\"Okiem Realisty\" \/>\n<meta name=\"twitter:card\" content=\"summary_large_image\" \/>\n<meta name=\"twitter:label1\" content=\"Napisane przez\" \/>\n\t<meta name=\"twitter:data1\" content=\"Okiem Realisty\" \/>\n\t<meta name=\"twitter:label2\" content=\"Szacowany czas czytania\" \/>\n\t<meta name=\"twitter:data2\" content=\"11 minut\" \/>\n<script type=\"application\/ld+json\" class=\"yoast-schema-graph\">{\"@context\":\"https:\\\/\\\/schema.org\",\"@graph\":[{\"@type\":\"Article\",\"@id\":\"https:\\\/\\\/okiemrealisty.pl\\\/index.php\\\/2019\\\/10\\\/01\\\/beautydaysblogger-relacja-z-targow-beauty-days-2019-w-ptak-warsaw-expo\\\/#article\",\"isPartOf\":{\"@id\":\"https:\\\/\\\/okiemrealisty.pl\\\/index.php\\\/2019\\\/10\\\/01\\\/beautydaysblogger-relacja-z-targow-beauty-days-2019-w-ptak-warsaw-expo\\\/\"},\"author\":{\"name\":\"Okiem Realisty\",\"@id\":\"https:\\\/\\\/okiemrealisty.pl\\\/#\\\/schema\\\/person\\\/5a047b7acbade5194152c23ad7d087e7\"},\"headline\":\"#BEAUTYDAYSBLOGGER &#8211; Relacja z Targ\u00f3w BEAUTY DAYS 2019 w PTAK WARSAW EXPO\",\"datePublished\":\"2019-10-01T09:08:28+00:00\",\"dateModified\":\"2024-05-07T08:36:12+00:00\",\"mainEntityOfPage\":{\"@id\":\"https:\\\/\\\/okiemrealisty.pl\\\/index.php\\\/2019\\\/10\\\/01\\\/beautydaysblogger-relacja-z-targow-beauty-days-2019-w-ptak-warsaw-expo\\\/\"},\"wordCount\":1130,\"commentCount\":0,\"publisher\":{\"@id\":\"https:\\\/\\\/okiemrealisty.pl\\\/#\\\/schema\\\/person\\\/5a047b7acbade5194152c23ad7d087e7\"},\"image\":{\"@id\":\"https:\\\/\\\/okiemrealisty.pl\\\/index.php\\\/2019\\\/10\\\/01\\\/beautydaysblogger-relacja-z-targow-beauty-days-2019-w-ptak-warsaw-expo\\\/#primaryimage\"},\"thumbnailUrl\":\"https:\\\/\\\/okiemrealisty.pl\\\/wp-content\\\/uploads\\\/2024\\\/04\\\/LRM_EXPORT_741164671730048_20190930_095405749.jpeg\",\"keywords\":[\"Batiste\",\"beard\",\"Beauty\",\"Beauty Days\",\"Beauty Days Blogger\",\"BI-ES\",\"Brodacz\",\"Cyrulicy\",\"KOSMETYKA M\u0118SKA\",\"LAQ.PL\",\"NATURASIBERICA\",\"olejek do brody\",\"PRORASO\",\"PTAK WARSAW EXPO\",\"PUREHEALS\",\"SAIKOMED\",\"TARGI KOSMETYCZNE\"],\"articleSection\":[\"Lu\u017anym Okiem\",\"M\u0119skie Kosmetyki\",\"Okiem Realisty\"],\"inLanguage\":\"pl-PL\",\"potentialAction\":[{\"@type\":\"CommentAction\",\"name\":\"Comment\",\"target\":[\"https:\\\/\\\/okiemrealisty.pl\\\/index.php\\\/2019\\\/10\\\/01\\\/beautydaysblogger-relacja-z-targow-beauty-days-2019-w-ptak-warsaw-expo\\\/#respond\"]}]},{\"@type\":\"WebPage\",\"@id\":\"https:\\\/\\\/okiemrealisty.pl\\\/index.php\\\/2019\\\/10\\\/01\\\/beautydaysblogger-relacja-z-targow-beauty-days-2019-w-ptak-warsaw-expo\\\/\",\"url\":\"https:\\\/\\\/okiemrealisty.pl\\\/index.php\\\/2019\\\/10\\\/01\\\/beautydaysblogger-relacja-z-targow-beauty-days-2019-w-ptak-warsaw-expo\\\/\",\"name\":\"#BEAUTYDAYSBLOGGER - Relacja z Targ\u00f3w BEAUTY DAYS 2019 w PTAK WARSAW EXPO - Okiem Realisty\",\"isPartOf\":{\"@id\":\"https:\\\/\\\/okiemrealisty.pl\\\/#website\"},\"primaryImageOfPage\":{\"@id\":\"https:\\\/\\\/okiemrealisty.pl\\\/index.php\\\/2019\\\/10\\\/01\\\/beautydaysblogger-relacja-z-targow-beauty-days-2019-w-ptak-warsaw-expo\\\/#primaryimage\"},\"image\":{\"@id\":\"https:\\\/\\\/okiemrealisty.pl\\\/index.php\\\/2019\\\/10\\\/01\\\/beautydaysblogger-relacja-z-targow-beauty-days-2019-w-ptak-warsaw-expo\\\/#primaryimage\"},\"thumbnailUrl\":\"https:\\\/\\\/okiemrealisty.pl\\\/wp-content\\\/uploads\\\/2024\\\/04\\\/LRM_EXPORT_741164671730048_20190930_095405749.jpeg\",\"datePublished\":\"2019-10-01T09:08:28+00:00\",\"dateModified\":\"2024-05-07T08:36:12+00:00\",\"description\":\"Relacja z targ\u00f3w Beauty Days, kt\u00f3re odby\u0142y si\u0119 w Warszawie. Znajdziesz, kr\u00f3tkie streszczenie, spostrze\u017cenia i co mo\u017cna by\u0142o znale\u017a\u0107.\",\"breadcrumb\":{\"@id\":\"https:\\\/\\\/okiemrealisty.pl\\\/index.php\\\/2019\\\/10\\\/01\\\/beautydaysblogger-relacja-z-targow-beauty-days-2019-w-ptak-warsaw-expo\\\/#breadcrumb\"},\"inLanguage\":\"pl-PL\",\"potentialAction\":[{\"@type\":\"ReadAction\",\"target\":[\"https:\\\/\\\/okiemrealisty.pl\\\/index.php\\\/2019\\\/10\\\/01\\\/beautydaysblogger-relacja-z-targow-beauty-days-2019-w-ptak-warsaw-expo\\\/\"]}]},{\"@type\":\"ImageObject\",\"inLanguage\":\"pl-PL\",\"@id\":\"https:\\\/\\\/okiemrealisty.pl\\\/index.php\\\/2019\\\/10\\\/01\\\/beautydaysblogger-relacja-z-targow-beauty-days-2019-w-ptak-warsaw-expo\\\/#primaryimage\",\"url\":\"https:\\\/\\\/okiemrealisty.pl\\\/wp-content\\\/uploads\\\/2024\\\/04\\\/LRM_EXPORT_741164671730048_20190930_095405749.jpeg\",\"contentUrl\":\"https:\\\/\\\/okiemrealisty.pl\\\/wp-content\\\/uploads\\\/2024\\\/04\\\/LRM_EXPORT_741164671730048_20190930_095405749.jpeg\",\"width\":1599,\"height\":1599},{\"@type\":\"BreadcrumbList\",\"@id\":\"https:\\\/\\\/okiemrealisty.pl\\\/index.php\\\/2019\\\/10\\\/01\\\/beautydaysblogger-relacja-z-targow-beauty-days-2019-w-ptak-warsaw-expo\\\/#breadcrumb\",\"itemListElement\":[{\"@type\":\"ListItem\",\"position\":1,\"name\":\"Strona g\u0142\u00f3wna\",\"item\":\"https:\\\/\\\/okiemrealisty.pl\\\/\"},{\"@type\":\"ListItem\",\"position\":2,\"name\":\"#BEAUTYDAYSBLOGGER &#8211; Relacja z Targ\u00f3w BEAUTY DAYS 2019 w PTAK WARSAW EXPO\"}]},{\"@type\":\"WebSite\",\"@id\":\"https:\\\/\\\/okiemrealisty.pl\\\/#website\",\"url\":\"https:\\\/\\\/okiemrealisty.pl\\\/\",\"name\":\"Okiem Realisty\",\"description\":\"Ch\u0142odne spojrzenie, ci\u0119ty j\u0119zyk\",\"publisher\":{\"@id\":\"https:\\\/\\\/okiemrealisty.pl\\\/#\\\/schema\\\/person\\\/5a047b7acbade5194152c23ad7d087e7\"},\"alternateName\":\"OkiemRealisty\",\"potentialAction\":[{\"@type\":\"SearchAction\",\"target\":{\"@type\":\"EntryPoint\",\"urlTemplate\":\"https:\\\/\\\/okiemrealisty.pl\\\/?s={search_term_string}\"},\"query-input\":{\"@type\":\"PropertyValueSpecification\",\"valueRequired\":true,\"valueName\":\"search_term_string\"}}],\"inLanguage\":\"pl-PL\"},{\"@type\":[\"Person\",\"Organization\"],\"@id\":\"https:\\\/\\\/okiemrealisty.pl\\\/#\\\/schema\\\/person\\\/5a047b7acbade5194152c23ad7d087e7\",\"name\":\"Okiem Realisty\",\"image\":{\"@type\":\"ImageObject\",\"inLanguage\":\"pl-PL\",\"@id\":\"https:\\\/\\\/okiemrealisty.pl\\\/wp-content\\\/uploads\\\/2024\\\/05\\\/cropped-Projekt-bez-nazwy-2.jpg\",\"url\":\"https:\\\/\\\/okiemrealisty.pl\\\/wp-content\\\/uploads\\\/2024\\\/05\\\/cropped-Projekt-bez-nazwy-2.jpg\",\"contentUrl\":\"https:\\\/\\\/okiemrealisty.pl\\\/wp-content\\\/uploads\\\/2024\\\/05\\\/cropped-Projekt-bez-nazwy-2.jpg\",\"width\":240,\"height\":240,\"caption\":\"Okiem Realisty\"},\"logo\":{\"@id\":\"https:\\\/\\\/okiemrealisty.pl\\\/wp-content\\\/uploads\\\/2024\\\/05\\\/cropped-Projekt-bez-nazwy-2.jpg\"},\"url\":\"https:\\\/\\\/okiemrealisty.pl\\\/index.php\\\/author\\\/darqcrow\\\/\"}]}<\/script>\n<!-- \/ Yoast SEO plugin. -->","yoast_head_json":{"title":"#BEAUTYDAYSBLOGGER - Relacja z Targ\u00f3w BEAUTY DAYS 2019 w PTAK WARSAW EXPO - Okiem Realisty","description":"Relacja z targ\u00f3w Beauty Days, kt\u00f3re odby\u0142y si\u0119 w Warszawie. Znajdziesz, kr\u00f3tkie streszczenie, spostrze\u017cenia i co mo\u017cna by\u0142o znale\u017a\u0107.","robots":{"index":"index","follow":"follow","max-snippet":"max-snippet:-1","max-image-preview":"max-image-preview:large","max-video-preview":"max-video-preview:-1"},"canonical":"https:\/\/okiemrealisty.pl\/index.php\/2019\/10\/01\/beautydaysblogger-relacja-z-targow-beauty-days-2019-w-ptak-warsaw-expo\/","og_locale":"pl_PL","og_type":"article","og_title":"#BEAUTYDAYSBLOGGER - Relacja z Targ\u00f3w BEAUTY DAYS 2019 w PTAK WARSAW EXPO - Okiem Realisty","og_description":"Relacja z targ\u00f3w Beauty Days, kt\u00f3re odby\u0142y si\u0119 w Warszawie. Znajdziesz, kr\u00f3tkie streszczenie, spostrze\u017cenia i co mo\u017cna by\u0142o znale\u017a\u0107.","og_url":"https:\/\/okiemrealisty.pl\/index.php\/2019\/10\/01\/beautydaysblogger-relacja-z-targow-beauty-days-2019-w-ptak-warsaw-expo\/","og_site_name":"Okiem Realisty","article_published_time":"2019-10-01T09:08:28+00:00","article_modified_time":"2024-05-07T08:36:12+00:00","og_image":[{"width":1599,"height":1599,"url":"https:\/\/okiemrealisty.pl\/wp-content\/uploads\/2024\/04\/LRM_EXPORT_741164671730048_20190930_095405749.jpeg","type":"image\/jpeg"}],"author":"Okiem Realisty","twitter_card":"summary_large_image","twitter_misc":{"Napisane przez":"Okiem Realisty","Szacowany czas czytania":"11 minut"},"schema":{"@context":"https:\/\/schema.org","@graph":[{"@type":"Article","@id":"https:\/\/okiemrealisty.pl\/index.php\/2019\/10\/01\/beautydaysblogger-relacja-z-targow-beauty-days-2019-w-ptak-warsaw-expo\/#article","isPartOf":{"@id":"https:\/\/okiemrealisty.pl\/index.php\/2019\/10\/01\/beautydaysblogger-relacja-z-targow-beauty-days-2019-w-ptak-warsaw-expo\/"},"author":{"name":"Okiem Realisty","@id":"https:\/\/okiemrealisty.pl\/#\/schema\/person\/5a047b7acbade5194152c23ad7d087e7"},"headline":"#BEAUTYDAYSBLOGGER &#8211; Relacja z Targ\u00f3w BEAUTY DAYS 2019 w PTAK WARSAW EXPO","datePublished":"2019-10-01T09:08:28+00:00","dateModified":"2024-05-07T08:36:12+00:00","mainEntityOfPage":{"@id":"https:\/\/okiemrealisty.pl\/index.php\/2019\/10\/01\/beautydaysblogger-relacja-z-targow-beauty-days-2019-w-ptak-warsaw-expo\/"},"wordCount":1130,"commentCount":0,"publisher":{"@id":"https:\/\/okiemrealisty.pl\/#\/schema\/person\/5a047b7acbade5194152c23ad7d087e7"},"image":{"@id":"https:\/\/okiemrealisty.pl\/index.php\/2019\/10\/01\/beautydaysblogger-relacja-z-targow-beauty-days-2019-w-ptak-warsaw-expo\/#primaryimage"},"thumbnailUrl":"https:\/\/okiemrealisty.pl\/wp-content\/uploads\/2024\/04\/LRM_EXPORT_741164671730048_20190930_095405749.jpeg","keywords":["Batiste","beard","Beauty","Beauty Days","Beauty Days Blogger","BI-ES","Brodacz","Cyrulicy","KOSMETYKA M\u0118SKA","LAQ.PL","NATURASIBERICA","olejek do brody","PRORASO","PTAK WARSAW EXPO","PUREHEALS","SAIKOMED","TARGI KOSMETYCZNE"],"articleSection":["Lu\u017anym Okiem","M\u0119skie Kosmetyki","Okiem Realisty"],"inLanguage":"pl-PL","potentialAction":[{"@type":"CommentAction","name":"Comment","target":["https:\/\/okiemrealisty.pl\/index.php\/2019\/10\/01\/beautydaysblogger-relacja-z-targow-beauty-days-2019-w-ptak-warsaw-expo\/#respond"]}]},{"@type":"WebPage","@id":"https:\/\/okiemrealisty.pl\/index.php\/2019\/10\/01\/beautydaysblogger-relacja-z-targow-beauty-days-2019-w-ptak-warsaw-expo\/","url":"https:\/\/okiemrealisty.pl\/index.php\/2019\/10\/01\/beautydaysblogger-relacja-z-targow-beauty-days-2019-w-ptak-warsaw-expo\/","name":"#BEAUTYDAYSBLOGGER - Relacja z Targ\u00f3w BEAUTY DAYS 2019 w PTAK WARSAW EXPO - Okiem Realisty","isPartOf":{"@id":"https:\/\/okiemrealisty.pl\/#website"},"primaryImageOfPage":{"@id":"https:\/\/okiemrealisty.pl\/index.php\/2019\/10\/01\/beautydaysblogger-relacja-z-targow-beauty-days-2019-w-ptak-warsaw-expo\/#primaryimage"},"image":{"@id":"https:\/\/okiemrealisty.pl\/index.php\/2019\/10\/01\/beautydaysblogger-relacja-z-targow-beauty-days-2019-w-ptak-warsaw-expo\/#primaryimage"},"thumbnailUrl":"https:\/\/okiemrealisty.pl\/wp-content\/uploads\/2024\/04\/LRM_EXPORT_741164671730048_20190930_095405749.jpeg","datePublished":"2019-10-01T09:08:28+00:00","dateModified":"2024-05-07T08:36:12+00:00","description":"Relacja z targ\u00f3w Beauty Days, kt\u00f3re odby\u0142y si\u0119 w Warszawie. Znajdziesz, kr\u00f3tkie streszczenie, spostrze\u017cenia i co mo\u017cna by\u0142o znale\u017a\u0107.","breadcrumb":{"@id":"https:\/\/okiemrealisty.pl\/index.php\/2019\/10\/01\/beautydaysblogger-relacja-z-targow-beauty-days-2019-w-ptak-warsaw-expo\/#breadcrumb"},"inLanguage":"pl-PL","potentialAction":[{"@type":"ReadAction","target":["https:\/\/okiemrealisty.pl\/index.php\/2019\/10\/01\/beautydaysblogger-relacja-z-targow-beauty-days-2019-w-ptak-warsaw-expo\/"]}]},{"@type":"ImageObject","inLanguage":"pl-PL","@id":"https:\/\/okiemrealisty.pl\/index.php\/2019\/10\/01\/beautydaysblogger-relacja-z-targow-beauty-days-2019-w-ptak-warsaw-expo\/#primaryimage","url":"https:\/\/okiemrealisty.pl\/wp-content\/uploads\/2024\/04\/LRM_EXPORT_741164671730048_20190930_095405749.jpeg","contentUrl":"https:\/\/okiemrealisty.pl\/wp-content\/uploads\/2024\/04\/LRM_EXPORT_741164671730048_20190930_095405749.jpeg","width":1599,"height":1599},{"@type":"BreadcrumbList","@id":"https:\/\/okiemrealisty.pl\/index.php\/2019\/10\/01\/beautydaysblogger-relacja-z-targow-beauty-days-2019-w-ptak-warsaw-expo\/#breadcrumb","itemListElement":[{"@type":"ListItem","position":1,"name":"Strona g\u0142\u00f3wna","item":"https:\/\/okiemrealisty.pl\/"},{"@type":"ListItem","position":2,"name":"#BEAUTYDAYSBLOGGER &#8211; Relacja z Targ\u00f3w BEAUTY DAYS 2019 w PTAK WARSAW EXPO"}]},{"@type":"WebSite","@id":"https:\/\/okiemrealisty.pl\/#website","url":"https:\/\/okiemrealisty.pl\/","name":"Okiem Realisty","description":"Ch\u0142odne spojrzenie, ci\u0119ty j\u0119zyk","publisher":{"@id":"https:\/\/okiemrealisty.pl\/#\/schema\/person\/5a047b7acbade5194152c23ad7d087e7"},"alternateName":"OkiemRealisty","potentialAction":[{"@type":"SearchAction","target":{"@type":"EntryPoint","urlTemplate":"https:\/\/okiemrealisty.pl\/?s={search_term_string}"},"query-input":{"@type":"PropertyValueSpecification","valueRequired":true,"valueName":"search_term_string"}}],"inLanguage":"pl-PL"},{"@type":["Person","Organization"],"@id":"https:\/\/okiemrealisty.pl\/#\/schema\/person\/5a047b7acbade5194152c23ad7d087e7","name":"Okiem Realisty","image":{"@type":"ImageObject","inLanguage":"pl-PL","@id":"https:\/\/okiemrealisty.pl\/wp-content\/uploads\/2024\/05\/cropped-Projekt-bez-nazwy-2.jpg","url":"https:\/\/okiemrealisty.pl\/wp-content\/uploads\/2024\/05\/cropped-Projekt-bez-nazwy-2.jpg","contentUrl":"https:\/\/okiemrealisty.pl\/wp-content\/uploads\/2024\/05\/cropped-Projekt-bez-nazwy-2.jpg","width":240,"height":240,"caption":"Okiem Realisty"},"logo":{"@id":"https:\/\/okiemrealisty.pl\/wp-content\/uploads\/2024\/05\/cropped-Projekt-bez-nazwy-2.jpg"},"url":"https:\/\/okiemrealisty.pl\/index.php\/author\/darqcrow\/"}]}},"_links":{"self":[{"href":"https:\/\/okiemrealisty.pl\/index.php\/wp-json\/wp\/v2\/posts\/198","targetHints":{"allow":["GET"]}}],"collection":[{"href":"https:\/\/okiemrealisty.pl\/index.php\/wp-json\/wp\/v2\/posts"}],"about":[{"href":"https:\/\/okiemrealisty.pl\/index.php\/wp-json\/wp\/v2\/types\/post"}],"author":[{"embeddable":true,"href":"https:\/\/okiemrealisty.pl\/index.php\/wp-json\/wp\/v2\/users\/1"}],"replies":[{"embeddable":true,"href":"https:\/\/okiemrealisty.pl\/index.php\/wp-json\/wp\/v2\/comments?post=198"}],"version-history":[{"count":2,"href":"https:\/\/okiemrealisty.pl\/index.php\/wp-json\/wp\/v2\/posts\/198\/revisions"}],"predecessor-version":[{"id":289,"href":"https:\/\/okiemrealisty.pl\/index.php\/wp-json\/wp\/v2\/posts\/198\/revisions\/289"}],"wp:featuredmedia":[{"embeddable":true,"href":"https:\/\/okiemrealisty.pl\/index.php\/wp-json\/wp\/v2\/media\/214"}],"wp:attachment":[{"href":"https:\/\/okiemrealisty.pl\/index.php\/wp-json\/wp\/v2\/media?parent=198"}],"wp:term":[{"taxonomy":"category","embeddable":true,"href":"https:\/\/okiemrealisty.pl\/index.php\/wp-json\/wp\/v2\/categories?post=198"},{"taxonomy":"post_tag","embeddable":true,"href":"https:\/\/okiemrealisty.pl\/index.php\/wp-json\/wp\/v2\/tags?post=198"}],"curies":[{"name":"wp","href":"https:\/\/api.w.org\/{rel}","templated":true}]}}