{"id":244,"date":"2020-01-14T14:50:00","date_gmt":"2020-01-14T12:50:00","guid":{"rendered":"https:\/\/okiemrealisty.pl\/?p=244"},"modified":"2024-05-24T14:17:29","modified_gmt":"2024-05-24T12:17:29","slug":"moc-olejkow-od-marki-uzdrovisco","status":"publish","type":"post","link":"https:\/\/okiemrealisty.pl\/index.php\/2020\/01\/14\/moc-olejkow-od-marki-uzdrovisco\/","title":{"rendered":"Moc olejk\u00f3w od marki UZDROVISCO"},"content":{"rendered":"\n<p><strong>K<\/strong>ontynuuj\u0105c moj\u0105 targow\u0105 przygod\u0119 chc\u0119 Wam dzi\u015b pokaza\u0107 ca\u0142kiem nieg\u0142upi produkt od nowej marki na polskim rynku, a mianowicie\u00a0<a href=\"https:\/\/uzdrovisco.com\/\" target=\"_blank\" rel=\"noreferrer noopener\">Uzdrovisco.<\/a>\u00a0<\/p>\n\n\n\n<figure class=\"wp-block-image size-large\"><img loading=\"lazy\" decoding=\"async\" width=\"768\" height=\"1024\" src=\"https:\/\/okiemrealisty.pl\/wp-content\/uploads\/2024\/04\/LRM_EXPORT_1076856785807444_20191010_121533863-768x1024.jpeg\" alt=\"\" class=\"wp-image-245\" srcset=\"https:\/\/okiemrealisty.pl\/wp-content\/uploads\/2024\/04\/LRM_EXPORT_1076856785807444_20191010_121533863-768x1024.jpeg 768w, https:\/\/okiemrealisty.pl\/wp-content\/uploads\/2024\/04\/LRM_EXPORT_1076856785807444_20191010_121533863-225x300.jpeg 225w, https:\/\/okiemrealisty.pl\/wp-content\/uploads\/2024\/04\/LRM_EXPORT_1076856785807444_20191010_121533863-1152x1536.jpeg 1152w, https:\/\/okiemrealisty.pl\/wp-content\/uploads\/2024\/04\/LRM_EXPORT_1076856785807444_20191010_121533863.jpeg 1200w\" sizes=\"auto, (max-width: 709px) 85vw, (max-width: 909px) 67vw, (max-width: 984px) 61vw, (max-width: 1362px) 45vw, 600px\" \/><\/figure>\n\n\n\n<p><\/p>\n\n\n\n<p>Mark\u0119 Uzdrovisco prowadz\u0105 do\u015b\u0107 rze\u015bkie babki, kt\u00f3re pe\u0142ne zapa\u0142u i sporej wiedzy stworzy\u0142y mark\u0119 kosmetyczn\u0105. Mia\u0142em okazj\u0119 bezpo\u015brednio porozmawia\u0107 z za\u0142o\u017cycielami i tw\u00f3rcami. Nie ukrywam, \u017ce marka nastawiona jest g\u0142\u00f3wnie do damskiej cz\u0119\u015bci spo\u0142ecze\u0144stwa, ale b\u0119d\u0105c go\u015bciem na <a href=\"https:\/\/www.instagram.com\/influencersaboutbeauty\/\" target=\"_blank\" rel=\"noreferrer noopener\">Influencer About Beauty<\/a> niczym tajemniczy Don Pedro postanowi\u0142em sam spr\u00f3bowa\u0107 jeden z ich produkt\u00f3w. A mianowicie to Makowa esencja olejowa \ud83d\ude09<\/p>\n\n\n\n<figure class=\"wp-block-image size-large\"><img loading=\"lazy\" decoding=\"async\" width=\"768\" height=\"1024\" src=\"https:\/\/okiemrealisty.pl\/wp-content\/uploads\/2024\/04\/LRM_EXPORT_1076803431505369_20191010_121440508-768x1024.jpeg\" alt=\"\" class=\"wp-image-246\" srcset=\"https:\/\/okiemrealisty.pl\/wp-content\/uploads\/2024\/04\/LRM_EXPORT_1076803431505369_20191010_121440508-768x1024.jpeg 768w, https:\/\/okiemrealisty.pl\/wp-content\/uploads\/2024\/04\/LRM_EXPORT_1076803431505369_20191010_121440508-225x300.jpeg 225w, https:\/\/okiemrealisty.pl\/wp-content\/uploads\/2024\/04\/LRM_EXPORT_1076803431505369_20191010_121440508-1152x1536.jpeg 1152w, https:\/\/okiemrealisty.pl\/wp-content\/uploads\/2024\/04\/LRM_EXPORT_1076803431505369_20191010_121440508.jpeg 1200w\" sizes=\"auto, (max-width: 709px) 85vw, (max-width: 909px) 67vw, (max-width: 984px) 61vw, (max-width: 1362px) 45vw, 600px\" \/><\/figure>\n\n\n\n<p><\/p>\n\n\n\n<p><strong>J<\/strong>ak moim oczom ukaza\u0142 si\u0119 olejek&#8230;hmm pomy\u015bla\u0142em &#8222;mo\u017ceby go tak spr\u00f3bowa\u0107 do brody&#8221;. Mo\u017ce znalaz\u0142by nowe zastosowanie dla ich produktu. Pani Weronika spec od marketingu szczeg\u00f3\u0142owo opowiedzia\u0142a jak marka powsta\u0142a, jakie surowce s\u0105 stosowane i jakie ma w\u0142a\u015bciwo\u015bci.<\/p>\n\n\n\n<figure class=\"wp-block-image size-large\"><img loading=\"lazy\" decoding=\"async\" width=\"768\" height=\"1024\" src=\"https:\/\/okiemrealisty.pl\/wp-content\/uploads\/2024\/04\/LRM_EXPORT_1076730793575172_20191010_121327870-768x1024.jpeg\" alt=\"\" class=\"wp-image-247\" srcset=\"https:\/\/okiemrealisty.pl\/wp-content\/uploads\/2024\/04\/LRM_EXPORT_1076730793575172_20191010_121327870-768x1024.jpeg 768w, https:\/\/okiemrealisty.pl\/wp-content\/uploads\/2024\/04\/LRM_EXPORT_1076730793575172_20191010_121327870-225x300.jpeg 225w, https:\/\/okiemrealisty.pl\/wp-content\/uploads\/2024\/04\/LRM_EXPORT_1076730793575172_20191010_121327870-1152x1536.jpeg 1152w, https:\/\/okiemrealisty.pl\/wp-content\/uploads\/2024\/04\/LRM_EXPORT_1076730793575172_20191010_121327870.jpeg 1200w\" sizes=\"auto, (max-width: 709px) 85vw, (max-width: 909px) 67vw, (max-width: 984px) 61vw, (max-width: 1362px) 45vw, 600px\" \/><\/figure>\n\n\n\n<figure class=\"wp-block-image size-large\"><img loading=\"lazy\" decoding=\"async\" width=\"768\" height=\"1024\" src=\"https:\/\/okiemrealisty.pl\/wp-content\/uploads\/2024\/04\/LRM_EXPORT_1076903989609520_20191010_121621066-768x1024.jpeg\" alt=\"\" class=\"wp-image-248\" srcset=\"https:\/\/okiemrealisty.pl\/wp-content\/uploads\/2024\/04\/LRM_EXPORT_1076903989609520_20191010_121621066-768x1024.jpeg 768w, https:\/\/okiemrealisty.pl\/wp-content\/uploads\/2024\/04\/LRM_EXPORT_1076903989609520_20191010_121621066-225x300.jpeg 225w, https:\/\/okiemrealisty.pl\/wp-content\/uploads\/2024\/04\/LRM_EXPORT_1076903989609520_20191010_121621066-1152x1536.jpeg 1152w, https:\/\/okiemrealisty.pl\/wp-content\/uploads\/2024\/04\/LRM_EXPORT_1076903989609520_20191010_121621066.jpeg 1200w\" sizes=\"auto, (max-width: 709px) 85vw, (max-width: 909px) 67vw, (max-width: 984px) 61vw, (max-width: 1362px) 45vw, 600px\" \/><\/figure>\n\n\n\n<p><\/p>\n\n\n\n<h2 class=\"wp-block-heading\">Porozmawiajmy o produkcie<\/h2>\n\n\n\n<p><strong>O<\/strong>lejek jest bardzo, bardzo g\u0119sty i na brodzie nie wch\u0142onie si\u0119 tak jakbym tego oczekiwa\u0142. Niestety te\u017c po pewnym czasie mia\u0142em wra\u017cenie jakby sk\u00f3ra przy brodzie lekko piek\u0142a, widocznie zamiast nawil\u017cy\u0107, jednak troch\u0119 brod\u0119 przesuszy\u0142o. Ale ja si\u0119 nie poddaj\u0119. Serum stosuj\u0119 bezpo\u015brednio na sk\u00f3r\u0119. To w\u0142a\u015bciwe zastosowanie \u015bwietnie si\u0119 sprawdza. Nasza makowa panienka robi dobr\u0105 robot\u0119 sk\u00f3rze. Fajnie nawil\u017ca, dobrze si\u0119 wch\u0142ania i stanowi swoista ochron\u0119 na nadchodz\u0105ce zimniejsze dni. Jak to mi, zdarza mi si\u0119 stosowa\u0107 go na noc jak przypomn\u0119 sobie o nim w celu regeneracji. Zauwa\u017cy\u0142em akurat, \u017ce nie mam ju\u017c takich cieni pod oczami.<\/p>\n\n\n\n<figure class=\"wp-block-image size-large\"><img loading=\"lazy\" decoding=\"async\" width=\"768\" height=\"1024\" src=\"https:\/\/okiemrealisty.pl\/wp-content\/uploads\/2024\/04\/LRM_EXPORT_1076671726723097_20191010_121228804-768x1024.jpeg\" alt=\"\" class=\"wp-image-249\" srcset=\"https:\/\/okiemrealisty.pl\/wp-content\/uploads\/2024\/04\/LRM_EXPORT_1076671726723097_20191010_121228804-768x1023.jpeg 768w, https:\/\/okiemrealisty.pl\/wp-content\/uploads\/2024\/04\/LRM_EXPORT_1076671726723097_20191010_121228804-225x300.jpeg 225w, https:\/\/okiemrealisty.pl\/wp-content\/uploads\/2024\/04\/LRM_EXPORT_1076671726723097_20191010_121228804-1153x1536.jpeg 1153w, https:\/\/okiemrealisty.pl\/wp-content\/uploads\/2024\/04\/LRM_EXPORT_1076671726723097_20191010_121228804.jpeg 1200w\" sizes=\"auto, (max-width: 709px) 85vw, (max-width: 909px) 67vw, (max-width: 984px) 61vw, (max-width: 1362px) 45vw, 600px\" \/><\/figure>\n\n\n\n<p><\/p>\n\n\n\n<p><strong>P<\/strong>odsumowuj\u0105c <a href=\"https:\/\/okiemrealisty.pl\/index.php\/tag\/olejek\/\">olejek<\/a> nie do ko\u0144ca nadaje si\u0119 do brody, ale do piel\u0119gnacji sk\u00f3ry powy\u017cej zarostu jest fenomenalny. Kremy pewnie jeszcze lepiej daj\u0105 rad\u0119, tyle ile mog\u0142em sprawdzi\u0107 na sk\u00f3rze d\u0142oni, a dodatkowo pachnia\u0142y ob\u0142\u0119dnie.\u00a0<\/p>\n\n\n\n<p>Ale jak zawsze zwracam uwag\u0119 na marketing i opakowanie, to tu mnie kupili od pierwszego spojrzenia. Zielone stoisko, naturalne sk\u0142adniki, opakowania z recyklingu. I nawet takie drobne smaczki jak rezygnacja z folii wok\u00f3\u0142 produktu sprawia, \u017ce ca\u0142a strategia wizerunku jest bardzo sp\u00f3jna i przekonuj\u0105ca. Wi\u0119c na pewno b\u0119d\u0119 dalej obserwowa\u0107 rozw\u00f3j tej marki Uzdrovisco.\u00a0<\/p>\n\n\n\n<p>Jak macie pod r\u0119k\u0105 drogeri\u0119 Hebe lub SuperFarm, spr\u00f3bujcie. A moim zdaniem si\u0119 nie zawiedziecie.&nbsp;<\/p>\n","protected":false},"excerpt":{"rendered":"<p>Kontynuuj\u0105c moj\u0105 targow\u0105 przygod\u0119 chc\u0119 Wam dzi\u015b pokaza\u0107 ca\u0142kiem nieg\u0142upi produkt od nowej marki na polskim rynku, a mianowicie\u00a0Uzdrovisco.\u00a0 Mark\u0119 Uzdrovisco prowadz\u0105 do\u015b\u0107 rze\u015bkie babki, kt\u00f3re pe\u0142ne zapa\u0142u i sporej wiedzy stworzy\u0142y mark\u0119 kosmetyczn\u0105. Mia\u0142em okazj\u0119 bezpo\u015brednio porozmawia\u0107 z za\u0142o\u017cycielami i tw\u00f3rcami. Nie ukrywam, \u017ce marka nastawiona jest g\u0142\u00f3wnie do damskiej cz\u0119\u015bci spo\u0142ecze\u0144stwa, ale b\u0119d\u0105c &hellip; <a href=\"https:\/\/okiemrealisty.pl\/index.php\/2020\/01\/14\/moc-olejkow-od-marki-uzdrovisco\/\" class=\"more-link\">Czytaj dalej<span class=\"screen-reader-text\"> \u201eMoc olejk\u00f3w od marki UZDROVISCO\u201d<\/span><\/a><\/p>\n","protected":false},"author":1,"featured_media":245,"comment_status":"open","ping_status":"open","sticky":false,"template":"","format":"standard","meta":{"footnotes":""},"categories":[49,5],"tags":[142,93,137,54,135,139,141,138,81,134,136,140,117,143],"class_list":["post-244","post","type-post","status-publish","format-standard","has-post-thumbnail","hentry","category-lifestyle","category-kosmetyki","tag-beauty-forum","tag-ekologia","tag-hebe","tag-kosmetyki","tag-mak","tag-makowa-esencja","tag-natura","tag-naturalne","tag-nawilzanie","tag-nowosc","tag-olejowa-esencja","tag-superfarm","tag-targi-kosmetyczne","tag-uzdrowisko"],"yoast_head":"<!-- This site is optimized with the Yoast SEO plugin v27.4 - https:\/\/yoast.com\/product\/yoast-seo-wordpress\/ -->\n<title>Moc olejk\u00f3w od marki UZDROVISCO - Okiem Realisty<\/title>\n<meta name=\"description\" content=\"Olejki marki Uzdrovisco to moc zakl\u0119ta w ma\u0142ych szklanych buteleczkach. Dowied\u017a si\u0119 wi\u0119cej o tych kosmetykach.\" \/>\n<meta name=\"robots\" content=\"index, follow, max-snippet:-1, max-image-preview:large, max-video-preview:-1\" \/>\n<link rel=\"canonical\" href=\"https:\/\/okiemrealisty.pl\/index.php\/2020\/01\/14\/moc-olejkow-od-marki-uzdrovisco\/\" \/>\n<meta property=\"og:locale\" content=\"pl_PL\" \/>\n<meta property=\"og:type\" content=\"article\" \/>\n<meta property=\"og:title\" content=\"Moc olejk\u00f3w od marki UZDROVISCO - Okiem Realisty\" \/>\n<meta property=\"og:description\" content=\"Olejki marki Uzdrovisco to moc zakl\u0119ta w ma\u0142ych szklanych buteleczkach. Dowied\u017a si\u0119 wi\u0119cej o tych kosmetykach.\" \/>\n<meta property=\"og:url\" content=\"https:\/\/okiemrealisty.pl\/index.php\/2020\/01\/14\/moc-olejkow-od-marki-uzdrovisco\/\" \/>\n<meta property=\"og:site_name\" content=\"Okiem Realisty\" \/>\n<meta property=\"article:published_time\" content=\"2020-01-14T12:50:00+00:00\" \/>\n<meta property=\"article:modified_time\" content=\"2024-05-24T12:17:29+00:00\" \/>\n<meta property=\"og:image\" content=\"https:\/\/okiemrealisty.pl\/wp-content\/uploads\/2024\/04\/LRM_EXPORT_1076856785807444_20191010_121533863.jpeg\" \/>\n\t<meta property=\"og:image:width\" content=\"1200\" \/>\n\t<meta property=\"og:image:height\" content=\"1600\" \/>\n\t<meta property=\"og:image:type\" content=\"image\/jpeg\" \/>\n<meta name=\"author\" content=\"Okiem Realisty\" \/>\n<meta name=\"twitter:card\" content=\"summary_large_image\" \/>\n<meta name=\"twitter:label1\" content=\"Napisane przez\" \/>\n\t<meta name=\"twitter:data1\" content=\"Okiem Realisty\" \/>\n\t<meta name=\"twitter:label2\" content=\"Szacowany czas czytania\" \/>\n\t<meta name=\"twitter:data2\" content=\"4 minuty\" \/>\n<script type=\"application\/ld+json\" class=\"yoast-schema-graph\">{\"@context\":\"https:\\\/\\\/schema.org\",\"@graph\":[{\"@type\":\"Article\",\"@id\":\"https:\\\/\\\/okiemrealisty.pl\\\/index.php\\\/2020\\\/01\\\/14\\\/moc-olejkow-od-marki-uzdrovisco\\\/#article\",\"isPartOf\":{\"@id\":\"https:\\\/\\\/okiemrealisty.pl\\\/index.php\\\/2020\\\/01\\\/14\\\/moc-olejkow-od-marki-uzdrovisco\\\/\"},\"author\":{\"name\":\"Okiem Realisty\",\"@id\":\"https:\\\/\\\/okiemrealisty.pl\\\/#\\\/schema\\\/person\\\/5a047b7acbade5194152c23ad7d087e7\"},\"headline\":\"Moc olejk\u00f3w od marki UZDROVISCO\",\"datePublished\":\"2020-01-14T12:50:00+00:00\",\"dateModified\":\"2024-05-24T12:17:29+00:00\",\"mainEntityOfPage\":{\"@id\":\"https:\\\/\\\/okiemrealisty.pl\\\/index.php\\\/2020\\\/01\\\/14\\\/moc-olejkow-od-marki-uzdrovisco\\\/\"},\"wordCount\":401,\"commentCount\":0,\"publisher\":{\"@id\":\"https:\\\/\\\/okiemrealisty.pl\\\/#\\\/schema\\\/person\\\/5a047b7acbade5194152c23ad7d087e7\"},\"image\":{\"@id\":\"https:\\\/\\\/okiemrealisty.pl\\\/index.php\\\/2020\\\/01\\\/14\\\/moc-olejkow-od-marki-uzdrovisco\\\/#primaryimage\"},\"thumbnailUrl\":\"https:\\\/\\\/okiemrealisty.pl\\\/wp-content\\\/uploads\\\/2024\\\/04\\\/LRM_EXPORT_1076856785807444_20191010_121533863.jpeg\",\"keywords\":[\"Beauty Forum\",\"Ekologia\",\"Hebe\",\"kosmetyki\",\"MAK\",\"MAKOWA ESENCJA\",\"NATURA\",\"NATURALNE\",\"NAWIL\u017bANIE\",\"NOWO\u015a\u0106\",\"OLEJOWA ESENCJA\",\"SUPERFARM\",\"TARGI KOSMETYCZNE\",\"UZDROWISKO\"],\"articleSection\":[\"Lu\u017anym Okiem\",\"M\u0119skie Kosmetyki\"],\"inLanguage\":\"pl-PL\",\"potentialAction\":[{\"@type\":\"CommentAction\",\"name\":\"Comment\",\"target\":[\"https:\\\/\\\/okiemrealisty.pl\\\/index.php\\\/2020\\\/01\\\/14\\\/moc-olejkow-od-marki-uzdrovisco\\\/#respond\"]}]},{\"@type\":\"WebPage\",\"@id\":\"https:\\\/\\\/okiemrealisty.pl\\\/index.php\\\/2020\\\/01\\\/14\\\/moc-olejkow-od-marki-uzdrovisco\\\/\",\"url\":\"https:\\\/\\\/okiemrealisty.pl\\\/index.php\\\/2020\\\/01\\\/14\\\/moc-olejkow-od-marki-uzdrovisco\\\/\",\"name\":\"Moc olejk\u00f3w od marki UZDROVISCO - Okiem Realisty\",\"isPartOf\":{\"@id\":\"https:\\\/\\\/okiemrealisty.pl\\\/#website\"},\"primaryImageOfPage\":{\"@id\":\"https:\\\/\\\/okiemrealisty.pl\\\/index.php\\\/2020\\\/01\\\/14\\\/moc-olejkow-od-marki-uzdrovisco\\\/#primaryimage\"},\"image\":{\"@id\":\"https:\\\/\\\/okiemrealisty.pl\\\/index.php\\\/2020\\\/01\\\/14\\\/moc-olejkow-od-marki-uzdrovisco\\\/#primaryimage\"},\"thumbnailUrl\":\"https:\\\/\\\/okiemrealisty.pl\\\/wp-content\\\/uploads\\\/2024\\\/04\\\/LRM_EXPORT_1076856785807444_20191010_121533863.jpeg\",\"datePublished\":\"2020-01-14T12:50:00+00:00\",\"dateModified\":\"2024-05-24T12:17:29+00:00\",\"description\":\"Olejki marki Uzdrovisco to moc zakl\u0119ta w ma\u0142ych szklanych buteleczkach. Dowied\u017a si\u0119 wi\u0119cej o tych kosmetykach.\",\"breadcrumb\":{\"@id\":\"https:\\\/\\\/okiemrealisty.pl\\\/index.php\\\/2020\\\/01\\\/14\\\/moc-olejkow-od-marki-uzdrovisco\\\/#breadcrumb\"},\"inLanguage\":\"pl-PL\",\"potentialAction\":[{\"@type\":\"ReadAction\",\"target\":[\"https:\\\/\\\/okiemrealisty.pl\\\/index.php\\\/2020\\\/01\\\/14\\\/moc-olejkow-od-marki-uzdrovisco\\\/\"]}]},{\"@type\":\"ImageObject\",\"inLanguage\":\"pl-PL\",\"@id\":\"https:\\\/\\\/okiemrealisty.pl\\\/index.php\\\/2020\\\/01\\\/14\\\/moc-olejkow-od-marki-uzdrovisco\\\/#primaryimage\",\"url\":\"https:\\\/\\\/okiemrealisty.pl\\\/wp-content\\\/uploads\\\/2024\\\/04\\\/LRM_EXPORT_1076856785807444_20191010_121533863.jpeg\",\"contentUrl\":\"https:\\\/\\\/okiemrealisty.pl\\\/wp-content\\\/uploads\\\/2024\\\/04\\\/LRM_EXPORT_1076856785807444_20191010_121533863.jpeg\",\"width\":1200,\"height\":1600},{\"@type\":\"BreadcrumbList\",\"@id\":\"https:\\\/\\\/okiemrealisty.pl\\\/index.php\\\/2020\\\/01\\\/14\\\/moc-olejkow-od-marki-uzdrovisco\\\/#breadcrumb\",\"itemListElement\":[{\"@type\":\"ListItem\",\"position\":1,\"name\":\"Strona g\u0142\u00f3wna\",\"item\":\"https:\\\/\\\/okiemrealisty.pl\\\/\"},{\"@type\":\"ListItem\",\"position\":2,\"name\":\"Moc olejk\u00f3w od marki UZDROVISCO\"}]},{\"@type\":\"WebSite\",\"@id\":\"https:\\\/\\\/okiemrealisty.pl\\\/#website\",\"url\":\"https:\\\/\\\/okiemrealisty.pl\\\/\",\"name\":\"Okiem Realisty\",\"description\":\"Ch\u0142odne spojrzenie, ci\u0119ty j\u0119zyk\",\"publisher\":{\"@id\":\"https:\\\/\\\/okiemrealisty.pl\\\/#\\\/schema\\\/person\\\/5a047b7acbade5194152c23ad7d087e7\"},\"alternateName\":\"OkiemRealisty\",\"potentialAction\":[{\"@type\":\"SearchAction\",\"target\":{\"@type\":\"EntryPoint\",\"urlTemplate\":\"https:\\\/\\\/okiemrealisty.pl\\\/?s={search_term_string}\"},\"query-input\":{\"@type\":\"PropertyValueSpecification\",\"valueRequired\":true,\"valueName\":\"search_term_string\"}}],\"inLanguage\":\"pl-PL\"},{\"@type\":[\"Person\",\"Organization\"],\"@id\":\"https:\\\/\\\/okiemrealisty.pl\\\/#\\\/schema\\\/person\\\/5a047b7acbade5194152c23ad7d087e7\",\"name\":\"Okiem Realisty\",\"image\":{\"@type\":\"ImageObject\",\"inLanguage\":\"pl-PL\",\"@id\":\"https:\\\/\\\/okiemrealisty.pl\\\/wp-content\\\/uploads\\\/2024\\\/05\\\/cropped-Projekt-bez-nazwy-2.jpg\",\"url\":\"https:\\\/\\\/okiemrealisty.pl\\\/wp-content\\\/uploads\\\/2024\\\/05\\\/cropped-Projekt-bez-nazwy-2.jpg\",\"contentUrl\":\"https:\\\/\\\/okiemrealisty.pl\\\/wp-content\\\/uploads\\\/2024\\\/05\\\/cropped-Projekt-bez-nazwy-2.jpg\",\"width\":240,\"height\":240,\"caption\":\"Okiem Realisty\"},\"logo\":{\"@id\":\"https:\\\/\\\/okiemrealisty.pl\\\/wp-content\\\/uploads\\\/2024\\\/05\\\/cropped-Projekt-bez-nazwy-2.jpg\"},\"url\":\"https:\\\/\\\/okiemrealisty.pl\\\/index.php\\\/author\\\/darqcrow\\\/\"}]}<\/script>\n<!-- \/ Yoast SEO plugin. -->","yoast_head_json":{"title":"Moc olejk\u00f3w od marki UZDROVISCO - Okiem Realisty","description":"Olejki marki Uzdrovisco to moc zakl\u0119ta w ma\u0142ych szklanych buteleczkach. Dowied\u017a si\u0119 wi\u0119cej o tych kosmetykach.","robots":{"index":"index","follow":"follow","max-snippet":"max-snippet:-1","max-image-preview":"max-image-preview:large","max-video-preview":"max-video-preview:-1"},"canonical":"https:\/\/okiemrealisty.pl\/index.php\/2020\/01\/14\/moc-olejkow-od-marki-uzdrovisco\/","og_locale":"pl_PL","og_type":"article","og_title":"Moc olejk\u00f3w od marki UZDROVISCO - Okiem Realisty","og_description":"Olejki marki Uzdrovisco to moc zakl\u0119ta w ma\u0142ych szklanych buteleczkach. Dowied\u017a si\u0119 wi\u0119cej o tych kosmetykach.","og_url":"https:\/\/okiemrealisty.pl\/index.php\/2020\/01\/14\/moc-olejkow-od-marki-uzdrovisco\/","og_site_name":"Okiem Realisty","article_published_time":"2020-01-14T12:50:00+00:00","article_modified_time":"2024-05-24T12:17:29+00:00","og_image":[{"width":1200,"height":1600,"url":"https:\/\/okiemrealisty.pl\/wp-content\/uploads\/2024\/04\/LRM_EXPORT_1076856785807444_20191010_121533863.jpeg","type":"image\/jpeg"}],"author":"Okiem Realisty","twitter_card":"summary_large_image","twitter_misc":{"Napisane przez":"Okiem Realisty","Szacowany czas czytania":"4 minuty"},"schema":{"@context":"https:\/\/schema.org","@graph":[{"@type":"Article","@id":"https:\/\/okiemrealisty.pl\/index.php\/2020\/01\/14\/moc-olejkow-od-marki-uzdrovisco\/#article","isPartOf":{"@id":"https:\/\/okiemrealisty.pl\/index.php\/2020\/01\/14\/moc-olejkow-od-marki-uzdrovisco\/"},"author":{"name":"Okiem Realisty","@id":"https:\/\/okiemrealisty.pl\/#\/schema\/person\/5a047b7acbade5194152c23ad7d087e7"},"headline":"Moc olejk\u00f3w od marki UZDROVISCO","datePublished":"2020-01-14T12:50:00+00:00","dateModified":"2024-05-24T12:17:29+00:00","mainEntityOfPage":{"@id":"https:\/\/okiemrealisty.pl\/index.php\/2020\/01\/14\/moc-olejkow-od-marki-uzdrovisco\/"},"wordCount":401,"commentCount":0,"publisher":{"@id":"https:\/\/okiemrealisty.pl\/#\/schema\/person\/5a047b7acbade5194152c23ad7d087e7"},"image":{"@id":"https:\/\/okiemrealisty.pl\/index.php\/2020\/01\/14\/moc-olejkow-od-marki-uzdrovisco\/#primaryimage"},"thumbnailUrl":"https:\/\/okiemrealisty.pl\/wp-content\/uploads\/2024\/04\/LRM_EXPORT_1076856785807444_20191010_121533863.jpeg","keywords":["Beauty Forum","Ekologia","Hebe","kosmetyki","MAK","MAKOWA ESENCJA","NATURA","NATURALNE","NAWIL\u017bANIE","NOWO\u015a\u0106","OLEJOWA ESENCJA","SUPERFARM","TARGI KOSMETYCZNE","UZDROWISKO"],"articleSection":["Lu\u017anym Okiem","M\u0119skie Kosmetyki"],"inLanguage":"pl-PL","potentialAction":[{"@type":"CommentAction","name":"Comment","target":["https:\/\/okiemrealisty.pl\/index.php\/2020\/01\/14\/moc-olejkow-od-marki-uzdrovisco\/#respond"]}]},{"@type":"WebPage","@id":"https:\/\/okiemrealisty.pl\/index.php\/2020\/01\/14\/moc-olejkow-od-marki-uzdrovisco\/","url":"https:\/\/okiemrealisty.pl\/index.php\/2020\/01\/14\/moc-olejkow-od-marki-uzdrovisco\/","name":"Moc olejk\u00f3w od marki UZDROVISCO - Okiem Realisty","isPartOf":{"@id":"https:\/\/okiemrealisty.pl\/#website"},"primaryImageOfPage":{"@id":"https:\/\/okiemrealisty.pl\/index.php\/2020\/01\/14\/moc-olejkow-od-marki-uzdrovisco\/#primaryimage"},"image":{"@id":"https:\/\/okiemrealisty.pl\/index.php\/2020\/01\/14\/moc-olejkow-od-marki-uzdrovisco\/#primaryimage"},"thumbnailUrl":"https:\/\/okiemrealisty.pl\/wp-content\/uploads\/2024\/04\/LRM_EXPORT_1076856785807444_20191010_121533863.jpeg","datePublished":"2020-01-14T12:50:00+00:00","dateModified":"2024-05-24T12:17:29+00:00","description":"Olejki marki Uzdrovisco to moc zakl\u0119ta w ma\u0142ych szklanych buteleczkach. Dowied\u017a si\u0119 wi\u0119cej o tych kosmetykach.","breadcrumb":{"@id":"https:\/\/okiemrealisty.pl\/index.php\/2020\/01\/14\/moc-olejkow-od-marki-uzdrovisco\/#breadcrumb"},"inLanguage":"pl-PL","potentialAction":[{"@type":"ReadAction","target":["https:\/\/okiemrealisty.pl\/index.php\/2020\/01\/14\/moc-olejkow-od-marki-uzdrovisco\/"]}]},{"@type":"ImageObject","inLanguage":"pl-PL","@id":"https:\/\/okiemrealisty.pl\/index.php\/2020\/01\/14\/moc-olejkow-od-marki-uzdrovisco\/#primaryimage","url":"https:\/\/okiemrealisty.pl\/wp-content\/uploads\/2024\/04\/LRM_EXPORT_1076856785807444_20191010_121533863.jpeg","contentUrl":"https:\/\/okiemrealisty.pl\/wp-content\/uploads\/2024\/04\/LRM_EXPORT_1076856785807444_20191010_121533863.jpeg","width":1200,"height":1600},{"@type":"BreadcrumbList","@id":"https:\/\/okiemrealisty.pl\/index.php\/2020\/01\/14\/moc-olejkow-od-marki-uzdrovisco\/#breadcrumb","itemListElement":[{"@type":"ListItem","position":1,"name":"Strona g\u0142\u00f3wna","item":"https:\/\/okiemrealisty.pl\/"},{"@type":"ListItem","position":2,"name":"Moc olejk\u00f3w od marki UZDROVISCO"}]},{"@type":"WebSite","@id":"https:\/\/okiemrealisty.pl\/#website","url":"https:\/\/okiemrealisty.pl\/","name":"Okiem Realisty","description":"Ch\u0142odne spojrzenie, ci\u0119ty j\u0119zyk","publisher":{"@id":"https:\/\/okiemrealisty.pl\/#\/schema\/person\/5a047b7acbade5194152c23ad7d087e7"},"alternateName":"OkiemRealisty","potentialAction":[{"@type":"SearchAction","target":{"@type":"EntryPoint","urlTemplate":"https:\/\/okiemrealisty.pl\/?s={search_term_string}"},"query-input":{"@type":"PropertyValueSpecification","valueRequired":true,"valueName":"search_term_string"}}],"inLanguage":"pl-PL"},{"@type":["Person","Organization"],"@id":"https:\/\/okiemrealisty.pl\/#\/schema\/person\/5a047b7acbade5194152c23ad7d087e7","name":"Okiem Realisty","image":{"@type":"ImageObject","inLanguage":"pl-PL","@id":"https:\/\/okiemrealisty.pl\/wp-content\/uploads\/2024\/05\/cropped-Projekt-bez-nazwy-2.jpg","url":"https:\/\/okiemrealisty.pl\/wp-content\/uploads\/2024\/05\/cropped-Projekt-bez-nazwy-2.jpg","contentUrl":"https:\/\/okiemrealisty.pl\/wp-content\/uploads\/2024\/05\/cropped-Projekt-bez-nazwy-2.jpg","width":240,"height":240,"caption":"Okiem Realisty"},"logo":{"@id":"https:\/\/okiemrealisty.pl\/wp-content\/uploads\/2024\/05\/cropped-Projekt-bez-nazwy-2.jpg"},"url":"https:\/\/okiemrealisty.pl\/index.php\/author\/darqcrow\/"}]}},"_links":{"self":[{"href":"https:\/\/okiemrealisty.pl\/index.php\/wp-json\/wp\/v2\/posts\/244","targetHints":{"allow":["GET"]}}],"collection":[{"href":"https:\/\/okiemrealisty.pl\/index.php\/wp-json\/wp\/v2\/posts"}],"about":[{"href":"https:\/\/okiemrealisty.pl\/index.php\/wp-json\/wp\/v2\/types\/post"}],"author":[{"embeddable":true,"href":"https:\/\/okiemrealisty.pl\/index.php\/wp-json\/wp\/v2\/users\/1"}],"replies":[{"embeddable":true,"href":"https:\/\/okiemrealisty.pl\/index.php\/wp-json\/wp\/v2\/comments?post=244"}],"version-history":[{"count":2,"href":"https:\/\/okiemrealisty.pl\/index.php\/wp-json\/wp\/v2\/posts\/244\/revisions"}],"predecessor-version":[{"id":332,"href":"https:\/\/okiemrealisty.pl\/index.php\/wp-json\/wp\/v2\/posts\/244\/revisions\/332"}],"wp:featuredmedia":[{"embeddable":true,"href":"https:\/\/okiemrealisty.pl\/index.php\/wp-json\/wp\/v2\/media\/245"}],"wp:attachment":[{"href":"https:\/\/okiemrealisty.pl\/index.php\/wp-json\/wp\/v2\/media?parent=244"}],"wp:term":[{"taxonomy":"category","embeddable":true,"href":"https:\/\/okiemrealisty.pl\/index.php\/wp-json\/wp\/v2\/categories?post=244"},{"taxonomy":"post_tag","embeddable":true,"href":"https:\/\/okiemrealisty.pl\/index.php\/wp-json\/wp\/v2\/tags?post=244"}],"curies":[{"name":"wp","href":"https:\/\/api.w.org\/{rel}","templated":true}]}}