{"id":57,"date":"2022-05-07T10:38:41","date_gmt":"2022-05-07T08:38:41","guid":{"rendered":"https:\/\/piotrzgierski.pl\/?p=57"},"modified":"2024-05-24T12:56:46","modified_gmt":"2024-05-24T10:56:46","slug":"realizm-jako-podejscie-zyciowe-pomiedzy-optymizmem-a-pesymizmem","status":"publish","type":"post","link":"https:\/\/okiemrealisty.pl\/index.php\/2022\/05\/07\/realizm-jako-podejscie-zyciowe-pomiedzy-optymizmem-a-pesymizmem\/","title":{"rendered":"Realizm &#8211; podej\u015bcie \u017cyciowe pomi\u0119dzy optymizmem a pesymizmem"},"content":{"rendered":"\n<h3 class=\"wp-block-heading\">Realizm \u2013 Trze\u017awe spojrzenie na \u015bwiat<\/h3>\n\n\n\n<p>Realizm to podej\u015bcie \u017cyciowe, kt\u00f3re plasuje si\u0119 mi\u0119dzy optymizmem a pesymizmem, cechuj\u0105c si\u0119 trze\u017awym spojrzeniem na rzeczywisto\u015b\u0107. Polega na akceptacji \u015bwiata takim, jaki jest, bez przesadnych nadziei czy obaw. Wed\u0142ug Instytutu Psychologii Zdrowia, realistyczne my\u015blenie i \u017cycie s\u0105 kluczowe zar\u00f3wno dla os\u00f3b uzale\u017cnionych, jak i tych wolnych od na\u0142og\u00f3w.<a href=\"https:\/\/psychologia.edu.pl\/czytelnia\/62-wiat-problemow\/800-realistyczne-myslenie-i-zycie.html\" target=\"_blank\" rel=\"noreferrer noopener\"><\/a><\/p>\n\n\n\n<figure class=\"wp-block-image size-large\"><img loading=\"lazy\" decoding=\"async\" width=\"1024\" height=\"682\" src=\"https:\/\/piotrzgierski.pl\/wp-content\/uploads\/2024\/04\/ENERGY-SYSTEMS-30-x-20-cm-1024x682.jpg\" alt=\"\" class=\"wp-image-135\" srcset=\"https:\/\/okiemrealisty.pl\/wp-content\/uploads\/2024\/04\/ENERGY-SYSTEMS-30-x-20-cm-1024x682.jpg 1024w, https:\/\/okiemrealisty.pl\/wp-content\/uploads\/2024\/04\/ENERGY-SYSTEMS-30-x-20-cm-300x200.jpg 300w, https:\/\/okiemrealisty.pl\/wp-content\/uploads\/2024\/04\/ENERGY-SYSTEMS-30-x-20-cm-768x512.jpg 768w, https:\/\/okiemrealisty.pl\/wp-content\/uploads\/2024\/04\/ENERGY-SYSTEMS-30-x-20-cm-1536x1024.jpg 1536w, https:\/\/okiemrealisty.pl\/wp-content\/uploads\/2024\/04\/ENERGY-SYSTEMS-30-x-20-cm-1200x800.jpg 1200w, https:\/\/okiemrealisty.pl\/wp-content\/uploads\/2024\/04\/ENERGY-SYSTEMS-30-x-20-cm.jpg 2000w\" sizes=\"auto, (max-width: 709px) 85vw, (max-width: 909px) 67vw, (max-width: 1362px) 62vw, 840px\" \/><\/figure>\n\n\n\n<p><\/p>\n\n\n\n<p>Realistyczne my\u015blenie to umiej\u0119tno\u015b\u0107 formu\u0142owania konkretnych cel\u00f3w, adekwatnych do mo\u017cliwo\u015bci aktualnych i rzeczywistych, nie przesz\u0142ych czy wyobra\u017conych.\u00a0Nie mo\u017cna si\u0119 skupia\u0107 na przesz\u0142o\u015bci, \u017cy\u0107 tragediami, lub stratami jakich do\u015bwiadczyli\u015bmy. Ale nie mo\u017cna r\u00f3wnie\u017c \u017cy\u0107 w ba\u0144ce marze\u0144, wierzy\u0107, \u017ce wszystko przyjdzie samo, \u017ce nie trzeba podejmowa\u0107 \u017cadnych dzia\u0142a\u0144. Jest to podej\u015bcie, kt\u00f3re pozwala rozr\u00f3\u017cnia\u0107, co jest fantazj\u0105, marzeniem, a co rzeczywisto\u015bci\u0105, co z kolei pomaga urealnia\u0107 marzenia i cele.<\/p>\n\n\n\n<h2 class=\"wp-block-heading\">Poj\u0119cie Realizmu w filozofii<\/h2>\n\n\n\n<p>W filozofii to szerokie i wieloaspektowe podej\u015bcie, kt\u00f3re znajduje zastosowanie w r\u00f3\u017cnych dziedzinach tej nauki. Og\u00f3lnie rzecz bior\u0105c, realizm zak\u0142ada, \u017ce rzeczywisto\u015b\u0107 istnieje niezale\u017cnie od naszych my\u015bli, przekona\u0144 i percepcji. Istnieje kilka kluczowych odmian realizmu, kt\u00f3re warto om\u00f3wi\u0107 bardziej szczeg\u00f3\u0142owo.<\/p>\n\n\n\n<p><strong>Realizm metafizyczny<\/strong> to pogl\u0105d, \u017ce \u015bwiat zewn\u0119trzny istnieje niezale\u017cnie od umys\u0142u i percepcji. Metafizyczni reali\u015bci wierz\u0105, \u017ce obiekty maj\u0105 swoje w\u0142a\u015bciwo\u015bci i istnienie niezale\u017cnie od tego, czy s\u0105 postrzegane przez ludzi. Jednym z kluczowych za\u0142o\u017ce\u0144 realizmu metafizycznego jest przekonanie, \u017ce istnieje pewna rzeczywisto\u015b\u0107 obiektywna, kt\u00f3ra jest \u017ar\u00f3d\u0142em naszych do\u015bwiadcze\u0144.<\/p>\n\n\n\n<pre class=\"wp-block-verse\">Tutaj mo\u017cna, by by\u0142o r\u00f3wnie\u017c wspomnie\u0107 o <strong><a href=\"https:\/\/okiemrealisty.pl\/index.php\/tag\/KotSchrodingera\/\">Kocie Schr\u00f6dingera<\/a><\/strong>. (Wi\u0119cej wkr\u00f3tce).<\/pre>\n\n\n\n<p><strong>Realizm epistemologiczny<\/strong> zak\u0142ada, \u017ce nasze poznanie rzeczywisto\u015bci jest mo\u017cliwe i \u017ce mo\u017cemy mie\u0107 prawdziwe przekonania o \u015bwiecie zewn\u0119trznym. Odrzuca on skrajny sceptycyzm, kt\u00f3ry twierdzi, \u017ce wiedza o \u015bwiecie zewn\u0119trznym jest niemo\u017cliwa. Epistemologiczni reali\u015bci wierz\u0105, \u017ce za pomoc\u0105 odpowiednich metod, takich jak nauka, mo\u017cemy odkrywa\u0107 prawdy o \u015bwiecie.<\/p>\n\n\n\n<p><strong>Realizm semantyczny<\/strong> odnosi si\u0119 do znaczenia j\u0119zyka i zda\u0144. Zak\u0142ada, \u017ce zdania mog\u0105 by\u0107 prawdziwe lub fa\u0142szywe niezale\u017cnie od naszych przekona\u0144 i \u017ce prawda zdania jest zdeterminowana przez to, jak rzeczy maj\u0105 si\u0119 w rzeczywisto\u015bci. Jest to przeciwie\u0144stwo antyrealizmu semantycznego, kt\u00f3ry twierdzi, \u017ce prawda jest w jaki\u015b spos\u00f3b zwi\u0105zana z nasz\u0105 wiedz\u0105 lub sposobami jej weryfikacji.<\/p>\n\n\n\n<p><strong>Realizm naukowy<\/strong> to przekonanie, \u017ce teorie naukowe opisuj\u0105 rzeczywisto\u015b\u0107 i \u017ce niekt\u00f3re z naszych najlepszych teorii naukowych s\u0105 w du\u017cej mierze prawdziwe. Bezsprzecznie realizm naukowy odrzuca instrumentalizm, kt\u00f3ry postrzega teorie naukowe jedynie jako narz\u0119dzia do przewidywania zjawisk bez twierdzenia, \u017ce opisuj\u0105 one rzeczywisto\u015b\u0107. Naukowi reali\u015bci wierz\u0105, \u017ce niekt\u00f3re byty teoretyczne postulowane przez nauk\u0119, takie jak elektrony czy kwarki, rzeczywi\u015bcie istniej\u0105.<\/p>\n\n\n\n<p><strong>Realizm moralny<\/strong> to pogl\u0105d, \u017ce istniej\u0105 obiektywne fakty moralne, kt\u00f3re s\u0105 niezale\u017cne od naszych przekona\u0144, uczu\u0107 czy kulturowych norm. Realistyczni morali\u015bci wierz\u0105, \u017ce pewne dzia\u0142ania s\u0105 obiektywnie dobre lub z\u0142e, niezale\u017cnie od tego, co ktokolwiek o nich my\u015bli. Jest to stanowisko przeciwne wobec relatywizmu moralnego, kt\u00f3ry twierdzi, \u017ce moralno\u015b\u0107 jest subiektywna i zale\u017cy od indywidualnych lub kulturowych przekona\u0144.<\/p>\n\n\n\n<h3 class=\"wp-block-heading\">Wp\u0142yw realizmu w filozofii<\/h3>\n\n\n\n<p>W filozofii realizm mia\u0142 ogromny wp\u0142yw na rozw\u00f3j my\u015bli filozoficznej. Wp\u0142yn\u0105\u0142 na spos\u00f3b, w jaki postrzegamy rzeczywisto\u015b\u0107, wiedz\u0119 i moralno\u015b\u0107. W filozofii nauki stanowi podstaw\u0119 dla wielu dyskusji na temat natury teorii naukowych i ich zdolno\u015bci do opisywania rzeczywisto\u015bci. W etyce, realizm moralny dostarcza podstaw do obrony uniwersalnych warto\u015bci moralnych, kt\u00f3re maj\u0105 znaczenie niezale\u017cnie od kontekstu kulturowego.<\/p>\n\n\n\n<h3 class=\"wp-block-heading\">Krytyka realizmu<\/h3>\n\n\n\n<p>Niew\u0105tpliwie realizm nie jest pozbawiony krytyki. Niekt\u00f3rzy filozofowie argumentuj\u0105, \u017ce nasze poznanie \u015bwiata jest zawsze po\u015bredniczone przez nasze zmys\u0142y i umys\u0142, co oznacza, \u017ce nie mo\u017cemy mie\u0107 bezpo\u015bredniego dost\u0119pu do rzeczywisto\u015bci samej w sobie. Podobnie inni krytykuj\u0105 realizm moralny, twierdz\u0105c, \u017ce moralno\u015b\u0107 jest zbyt zwi\u0105zana z ludzkimi emocjami i kontekstami kulturowymi, by mog\u0142a by\u0107 obiektywna.<\/p>\n\n\n\n<p>Trzeba zauwa\u017cy\u0107, \u017ce <strong>realizm w filozofii<\/strong> jest kluczowym podej\u015bciem, kt\u00f3re wp\u0142ywa na nasze zrozumienie rzeczywisto\u015bci, wiedzy i moralno\u015bci. Jego r\u00f3\u017cnorodne odmiany dostarczaj\u0105 ram teoretycznych do analizowania i interpretowania \u015bwiata w spos\u00f3b, kt\u00f3ry uznaje istnienie niezale\u017cnej rzeczywisto\u015bci. Mimo krytyki, pozostaje wp\u0142ywowym nurtem w filozofii, kszta\u0142tuj\u0105cym nasze my\u015blenie o wielu fundamentalnych kwestiach.<\/p>\n\n\n\n<h3 class=\"wp-block-heading\">Psychologia a realizm<\/h3>\n\n\n\n<p>Realizm jest r\u00f3wnie\u017c istotny w psychologii, gdy\u017c trze\u017awe my\u015blenie sprzyja pr\u00f3bowaniu, a pr\u00f3bowa\u0107 to jednocze\u015bnie uczy\u0107 si\u0119 i nabywa\u0107 do\u015bwiadczenia. Co z kolei zwi\u0119ksza szanse powodzenia.<a href=\"https:\/\/psychologia.edu.pl\/czytelnia\/62-wiat-problemow\/800-realistyczne-myslenie-i-zycie.html\" target=\"_blank\" rel=\"noreferrer noopener\"><\/a><\/p>\n\n\n\n<p><a href=\"https:\/\/psychologia.edu.pl\/czytelnia\/62-wiat-problemow\/800-realistyczne-myslenie-i-zycie.html\" target=\"_blank\" rel=\"noreferrer noopener\"><\/a>W psychologii realizm moralny polega na opisaniu, usystematyzowaniu oraz uzasadnieniu podstawowych intuicji dotycz\u0105cych natury moralno\u015bci.<\/p>\n\n\n\n<h3 class=\"wp-block-heading\">Zako\u0144czenie<\/h3>\n\n\n\n<p>Z pewno\u015bci\u0105 realizm jako podej\u015bcie \u017cyciowe d\u0105\u017cy do obiektywnego spojrzenia na \u015bwiat oraz  akceptacji jego wad i zalet. Podejmowania decyzji opartych na racjonalnym os\u0105dzie, co czyni je r\u00f3wnie wa\u017cnym w sferze politycznej, psychologicznej, jak i moralnej. To umiej\u0119tno\u015b\u0107 formu\u0142owania konkretnych cel\u00f3w, adekwatnych do mo\u017cliwo\u015bci aktualnych i rzeczywistych, nie przesz\u0142ych czy wyobra\u017conych. Jest to podej\u015bcie, kt\u00f3re pozwala rozr\u00f3\u017cnia\u0107, co jest fantazj\u0105, marzeniem, a co rzeczywisto\u015bci\u0105. Z kolei pomaga to urealnia\u0107 marzenia i cele<a href=\"https:\/\/psychologia.edu.pl\/czytelnia\/62-wiat-problemow\/800-realistyczne-myslenie-i-zycie.html\" target=\"_blank\" rel=\"noreferrer noopener\"><\/a><\/p>\n\n\n\n<h2 class=\"wp-block-heading\">Dodatkowe materia\u0142y i ciekawostki<\/h2>\n\n\n\n<ul class=\"wp-block-list\">\n<li>Realizm metafizyczny zak\u0142ada istnienie poza\u015bwiadomo\u015bciowych przyczyn naszych warunk\u00f3w epistemicznych, kt\u00f3re s\u0105 aprioryczne i subiektywne. Realizm polityczny postrzega polityczno\u015b\u0107 jako najwy\u017csz\u0105 form\u0119 ludzkiej racjonalno\u015bci, a realizm moralny zajmuje si\u0119 opisem i uzasadnieniem intuicji dotycz\u0105cych moralno\u015bci.<\/li>\n\n\n\n<li>Realizm polityczny podobnie definiuje polityczno\u015b\u0107 jako najwy\u017csz\u0105 form\u0119 ludzkiej racjonalno\u015bci, zdoln\u0105 do osi\u0105gania pewno\u015bci w swoich s\u0105dach i warto\u015bciowaniach. To podej\u015bcie umo\u017cliwia trafne ocenianie sytuacji i podejmowanie decyzji opartych na rzetelnych przes\u0142ankach.<\/li>\n<\/ul>\n\n\n\n<p>Dzi\u0119ki podej\u015bciu realistycznemu, ludzie mog\u0105 lepiej radzi\u0107 sobie z wyzwaniami. Mog\u0105 podejmowa\u0107 racjonalne decyzje i d\u0105\u017cy\u0107 do realistycznych cel\u00f3w. Przek\u0142ada si\u0119 przede wszystkim na lepsze funkcjonowanie w r\u00f3\u017cnych sferach \u017cycia.<\/p>\n\n\n\n<p><\/p>\n","protected":false},"excerpt":{"rendered":"<p>Realizm \u2013 Trze\u017awe spojrzenie na \u015bwiat Realizm to podej\u015bcie \u017cyciowe, kt\u00f3re plasuje si\u0119 mi\u0119dzy optymizmem a pesymizmem, cechuj\u0105c si\u0119 trze\u017awym spojrzeniem na rzeczywisto\u015b\u0107. Polega na akceptacji \u015bwiata takim, jaki jest, bez przesadnych nadziei czy obaw. Wed\u0142ug Instytutu Psychologii Zdrowia, realistyczne my\u015blenie i \u017cycie s\u0105 kluczowe zar\u00f3wno dla os\u00f3b uzale\u017cnionych, jak i tych wolnych od na\u0142og\u00f3w. &hellip; <a href=\"https:\/\/okiemrealisty.pl\/index.php\/2022\/05\/07\/realizm-jako-podejscie-zyciowe-pomiedzy-optymizmem-a-pesymizmem\/\" class=\"more-link\">Czytaj dalej<span class=\"screen-reader-text\"> \u201eRealizm &#8211; podej\u015bcie \u017cyciowe pomi\u0119dzy optymizmem a pesymizmem\u201d<\/span><\/a><\/p>\n","protected":false},"author":1,"featured_media":135,"comment_status":"open","ping_status":"open","sticky":false,"template":"","format":"standard","meta":{"footnotes":""},"categories":[49,4],"tags":[29,25,9,10,26,27,28,24,30,31],"class_list":["post-57","post","type-post","status-publish","format-standard","has-post-thumbnail","hentry","category-lifestyle","category-okiemrealisty","tag-ciekawostki","tag-filozofia","tag-lublin","tag-okiem-realisty","tag-optymizm","tag-pesymizm","tag-psychologia","tag-realizm","tag-realizm-polityczny","tag-zycie"],"yoast_head":"<!-- This site is optimized with the Yoast SEO plugin v27.5 - https:\/\/yoast.com\/product\/yoast-seo-wordpress\/ -->\n<title>Realizm - podej\u015bcie \u017cyciowe pomi\u0119dzy optymizmem a pesymizmem - Okiem Realisty<\/title>\n<meta name=\"description\" content=\"Poznaj realizm - podej\u015bcie mi\u0119dzy optymizmem a pesymizmem. Skorzystaj z porad i wskaz\u00f3wek do zdrowego podej\u015bcia.\" \/>\n<meta name=\"robots\" content=\"index, follow, max-snippet:-1, max-image-preview:large, max-video-preview:-1\" \/>\n<link rel=\"canonical\" href=\"https:\/\/okiemrealisty.pl\/index.php\/2022\/05\/07\/realizm-jako-podejscie-zyciowe-pomiedzy-optymizmem-a-pesymizmem\/\" \/>\n<meta property=\"og:locale\" content=\"pl_PL\" \/>\n<meta property=\"og:type\" content=\"article\" \/>\n<meta property=\"og:title\" content=\"Realizm - podej\u015bcie \u017cyciowe pomi\u0119dzy optymizmem a pesymizmem - Okiem Realisty\" \/>\n<meta property=\"og:description\" content=\"Poznaj realizm - podej\u015bcie mi\u0119dzy optymizmem a pesymizmem. Skorzystaj z porad i wskaz\u00f3wek do zdrowego podej\u015bcia.\" \/>\n<meta property=\"og:url\" content=\"https:\/\/okiemrealisty.pl\/index.php\/2022\/05\/07\/realizm-jako-podejscie-zyciowe-pomiedzy-optymizmem-a-pesymizmem\/\" \/>\n<meta property=\"og:site_name\" content=\"Okiem Realisty\" \/>\n<meta property=\"article:published_time\" content=\"2022-05-07T08:38:41+00:00\" \/>\n<meta property=\"article:modified_time\" content=\"2024-05-24T10:56:46+00:00\" \/>\n<meta property=\"og:image\" content=\"https:\/\/okiemrealisty.pl\/wp-content\/uploads\/2024\/04\/ENERGY-SYSTEMS-30-x-20-cm.jpg\" \/>\n\t<meta property=\"og:image:width\" content=\"2000\" \/>\n\t<meta property=\"og:image:height\" content=\"1333\" \/>\n\t<meta property=\"og:image:type\" content=\"image\/jpeg\" \/>\n<meta name=\"author\" content=\"Okiem Realisty\" \/>\n<meta name=\"twitter:card\" content=\"summary_large_image\" \/>\n<meta name=\"twitter:label1\" content=\"Napisane przez\" \/>\n\t<meta name=\"twitter:data1\" content=\"Okiem Realisty\" \/>\n\t<meta name=\"twitter:label2\" content=\"Szacowany czas czytania\" \/>\n\t<meta name=\"twitter:data2\" content=\"6 minut\" \/>\n<script type=\"application\/ld+json\" class=\"yoast-schema-graph\">{\"@context\":\"https:\\\/\\\/schema.org\",\"@graph\":[{\"@type\":\"Article\",\"@id\":\"https:\\\/\\\/okiemrealisty.pl\\\/index.php\\\/2022\\\/05\\\/07\\\/realizm-jako-podejscie-zyciowe-pomiedzy-optymizmem-a-pesymizmem\\\/#article\",\"isPartOf\":{\"@id\":\"https:\\\/\\\/okiemrealisty.pl\\\/index.php\\\/2022\\\/05\\\/07\\\/realizm-jako-podejscie-zyciowe-pomiedzy-optymizmem-a-pesymizmem\\\/\"},\"author\":{\"name\":\"Okiem Realisty\",\"@id\":\"https:\\\/\\\/okiemrealisty.pl\\\/#\\\/schema\\\/person\\\/5a047b7acbade5194152c23ad7d087e7\"},\"headline\":\"Realizm &#8211; podej\u015bcie \u017cyciowe pomi\u0119dzy optymizmem a pesymizmem\",\"datePublished\":\"2022-05-07T08:38:41+00:00\",\"dateModified\":\"2024-05-24T10:56:46+00:00\",\"mainEntityOfPage\":{\"@id\":\"https:\\\/\\\/okiemrealisty.pl\\\/index.php\\\/2022\\\/05\\\/07\\\/realizm-jako-podejscie-zyciowe-pomiedzy-optymizmem-a-pesymizmem\\\/\"},\"wordCount\":1019,\"commentCount\":0,\"publisher\":{\"@id\":\"https:\\\/\\\/okiemrealisty.pl\\\/#\\\/schema\\\/person\\\/5a047b7acbade5194152c23ad7d087e7\"},\"image\":{\"@id\":\"https:\\\/\\\/okiemrealisty.pl\\\/index.php\\\/2022\\\/05\\\/07\\\/realizm-jako-podejscie-zyciowe-pomiedzy-optymizmem-a-pesymizmem\\\/#primaryimage\"},\"thumbnailUrl\":\"https:\\\/\\\/okiemrealisty.pl\\\/wp-content\\\/uploads\\\/2024\\\/04\\\/ENERGY-SYSTEMS-30-x-20-cm.jpg\",\"keywords\":[\"Ciekawostki\",\"Filozofia\",\"Lublin\",\"okiem realisty\",\"optymizm\",\"pesymizm\",\"psychologia\",\"realizm\",\"realizm polityczny\",\"\u017cycie\"],\"articleSection\":[\"Lu\u017anym Okiem\",\"Okiem Realisty\"],\"inLanguage\":\"pl-PL\",\"potentialAction\":[{\"@type\":\"CommentAction\",\"name\":\"Comment\",\"target\":[\"https:\\\/\\\/okiemrealisty.pl\\\/index.php\\\/2022\\\/05\\\/07\\\/realizm-jako-podejscie-zyciowe-pomiedzy-optymizmem-a-pesymizmem\\\/#respond\"]}]},{\"@type\":\"WebPage\",\"@id\":\"https:\\\/\\\/okiemrealisty.pl\\\/index.php\\\/2022\\\/05\\\/07\\\/realizm-jako-podejscie-zyciowe-pomiedzy-optymizmem-a-pesymizmem\\\/\",\"url\":\"https:\\\/\\\/okiemrealisty.pl\\\/index.php\\\/2022\\\/05\\\/07\\\/realizm-jako-podejscie-zyciowe-pomiedzy-optymizmem-a-pesymizmem\\\/\",\"name\":\"Realizm - podej\u015bcie \u017cyciowe pomi\u0119dzy optymizmem a pesymizmem - Okiem Realisty\",\"isPartOf\":{\"@id\":\"https:\\\/\\\/okiemrealisty.pl\\\/#website\"},\"primaryImageOfPage\":{\"@id\":\"https:\\\/\\\/okiemrealisty.pl\\\/index.php\\\/2022\\\/05\\\/07\\\/realizm-jako-podejscie-zyciowe-pomiedzy-optymizmem-a-pesymizmem\\\/#primaryimage\"},\"image\":{\"@id\":\"https:\\\/\\\/okiemrealisty.pl\\\/index.php\\\/2022\\\/05\\\/07\\\/realizm-jako-podejscie-zyciowe-pomiedzy-optymizmem-a-pesymizmem\\\/#primaryimage\"},\"thumbnailUrl\":\"https:\\\/\\\/okiemrealisty.pl\\\/wp-content\\\/uploads\\\/2024\\\/04\\\/ENERGY-SYSTEMS-30-x-20-cm.jpg\",\"datePublished\":\"2022-05-07T08:38:41+00:00\",\"dateModified\":\"2024-05-24T10:56:46+00:00\",\"description\":\"Poznaj realizm - podej\u015bcie mi\u0119dzy optymizmem a pesymizmem. Skorzystaj z porad i wskaz\u00f3wek do zdrowego podej\u015bcia.\",\"breadcrumb\":{\"@id\":\"https:\\\/\\\/okiemrealisty.pl\\\/index.php\\\/2022\\\/05\\\/07\\\/realizm-jako-podejscie-zyciowe-pomiedzy-optymizmem-a-pesymizmem\\\/#breadcrumb\"},\"inLanguage\":\"pl-PL\",\"potentialAction\":[{\"@type\":\"ReadAction\",\"target\":[\"https:\\\/\\\/okiemrealisty.pl\\\/index.php\\\/2022\\\/05\\\/07\\\/realizm-jako-podejscie-zyciowe-pomiedzy-optymizmem-a-pesymizmem\\\/\"]}]},{\"@type\":\"ImageObject\",\"inLanguage\":\"pl-PL\",\"@id\":\"https:\\\/\\\/okiemrealisty.pl\\\/index.php\\\/2022\\\/05\\\/07\\\/realizm-jako-podejscie-zyciowe-pomiedzy-optymizmem-a-pesymizmem\\\/#primaryimage\",\"url\":\"https:\\\/\\\/okiemrealisty.pl\\\/wp-content\\\/uploads\\\/2024\\\/04\\\/ENERGY-SYSTEMS-30-x-20-cm.jpg\",\"contentUrl\":\"https:\\\/\\\/okiemrealisty.pl\\\/wp-content\\\/uploads\\\/2024\\\/04\\\/ENERGY-SYSTEMS-30-x-20-cm.jpg\",\"width\":2000,\"height\":1333,\"caption\":\"xr:d:DAGAnktAgVg:8,j:5660322630235178184,t:24040409\"},{\"@type\":\"BreadcrumbList\",\"@id\":\"https:\\\/\\\/okiemrealisty.pl\\\/index.php\\\/2022\\\/05\\\/07\\\/realizm-jako-podejscie-zyciowe-pomiedzy-optymizmem-a-pesymizmem\\\/#breadcrumb\",\"itemListElement\":[{\"@type\":\"ListItem\",\"position\":1,\"name\":\"Strona g\u0142\u00f3wna\",\"item\":\"https:\\\/\\\/okiemrealisty.pl\\\/\"},{\"@type\":\"ListItem\",\"position\":2,\"name\":\"Realizm &#8211; podej\u015bcie \u017cyciowe pomi\u0119dzy optymizmem a pesymizmem\"}]},{\"@type\":\"WebSite\",\"@id\":\"https:\\\/\\\/okiemrealisty.pl\\\/#website\",\"url\":\"https:\\\/\\\/okiemrealisty.pl\\\/\",\"name\":\"Okiem Realisty\",\"description\":\"Ch\u0142odne spojrzenie, ci\u0119ty j\u0119zyk\",\"publisher\":{\"@id\":\"https:\\\/\\\/okiemrealisty.pl\\\/#\\\/schema\\\/person\\\/5a047b7acbade5194152c23ad7d087e7\"},\"alternateName\":\"OkiemRealisty\",\"potentialAction\":[{\"@type\":\"SearchAction\",\"target\":{\"@type\":\"EntryPoint\",\"urlTemplate\":\"https:\\\/\\\/okiemrealisty.pl\\\/?s={search_term_string}\"},\"query-input\":{\"@type\":\"PropertyValueSpecification\",\"valueRequired\":true,\"valueName\":\"search_term_string\"}}],\"inLanguage\":\"pl-PL\"},{\"@type\":[\"Person\",\"Organization\"],\"@id\":\"https:\\\/\\\/okiemrealisty.pl\\\/#\\\/schema\\\/person\\\/5a047b7acbade5194152c23ad7d087e7\",\"name\":\"Okiem Realisty\",\"image\":{\"@type\":\"ImageObject\",\"inLanguage\":\"pl-PL\",\"@id\":\"https:\\\/\\\/okiemrealisty.pl\\\/wp-content\\\/uploads\\\/2024\\\/05\\\/cropped-Projekt-bez-nazwy-2.jpg\",\"url\":\"https:\\\/\\\/okiemrealisty.pl\\\/wp-content\\\/uploads\\\/2024\\\/05\\\/cropped-Projekt-bez-nazwy-2.jpg\",\"contentUrl\":\"https:\\\/\\\/okiemrealisty.pl\\\/wp-content\\\/uploads\\\/2024\\\/05\\\/cropped-Projekt-bez-nazwy-2.jpg\",\"width\":240,\"height\":240,\"caption\":\"Okiem Realisty\"},\"logo\":{\"@id\":\"https:\\\/\\\/okiemrealisty.pl\\\/wp-content\\\/uploads\\\/2024\\\/05\\\/cropped-Projekt-bez-nazwy-2.jpg\"},\"url\":\"https:\\\/\\\/okiemrealisty.pl\\\/index.php\\\/author\\\/darqcrow\\\/\"}]}<\/script>\n<!-- \/ Yoast SEO plugin. -->","yoast_head_json":{"title":"Realizm - podej\u015bcie \u017cyciowe pomi\u0119dzy optymizmem a pesymizmem - Okiem Realisty","description":"Poznaj realizm - podej\u015bcie mi\u0119dzy optymizmem a pesymizmem. Skorzystaj z porad i wskaz\u00f3wek do zdrowego podej\u015bcia.","robots":{"index":"index","follow":"follow","max-snippet":"max-snippet:-1","max-image-preview":"max-image-preview:large","max-video-preview":"max-video-preview:-1"},"canonical":"https:\/\/okiemrealisty.pl\/index.php\/2022\/05\/07\/realizm-jako-podejscie-zyciowe-pomiedzy-optymizmem-a-pesymizmem\/","og_locale":"pl_PL","og_type":"article","og_title":"Realizm - podej\u015bcie \u017cyciowe pomi\u0119dzy optymizmem a pesymizmem - Okiem Realisty","og_description":"Poznaj realizm - podej\u015bcie mi\u0119dzy optymizmem a pesymizmem. Skorzystaj z porad i wskaz\u00f3wek do zdrowego podej\u015bcia.","og_url":"https:\/\/okiemrealisty.pl\/index.php\/2022\/05\/07\/realizm-jako-podejscie-zyciowe-pomiedzy-optymizmem-a-pesymizmem\/","og_site_name":"Okiem Realisty","article_published_time":"2022-05-07T08:38:41+00:00","article_modified_time":"2024-05-24T10:56:46+00:00","og_image":[{"width":2000,"height":1333,"url":"https:\/\/okiemrealisty.pl\/wp-content\/uploads\/2024\/04\/ENERGY-SYSTEMS-30-x-20-cm.jpg","type":"image\/jpeg"}],"author":"Okiem Realisty","twitter_card":"summary_large_image","twitter_misc":{"Napisane przez":"Okiem Realisty","Szacowany czas czytania":"6 minut"},"schema":{"@context":"https:\/\/schema.org","@graph":[{"@type":"Article","@id":"https:\/\/okiemrealisty.pl\/index.php\/2022\/05\/07\/realizm-jako-podejscie-zyciowe-pomiedzy-optymizmem-a-pesymizmem\/#article","isPartOf":{"@id":"https:\/\/okiemrealisty.pl\/index.php\/2022\/05\/07\/realizm-jako-podejscie-zyciowe-pomiedzy-optymizmem-a-pesymizmem\/"},"author":{"name":"Okiem Realisty","@id":"https:\/\/okiemrealisty.pl\/#\/schema\/person\/5a047b7acbade5194152c23ad7d087e7"},"headline":"Realizm &#8211; podej\u015bcie \u017cyciowe pomi\u0119dzy optymizmem a pesymizmem","datePublished":"2022-05-07T08:38:41+00:00","dateModified":"2024-05-24T10:56:46+00:00","mainEntityOfPage":{"@id":"https:\/\/okiemrealisty.pl\/index.php\/2022\/05\/07\/realizm-jako-podejscie-zyciowe-pomiedzy-optymizmem-a-pesymizmem\/"},"wordCount":1019,"commentCount":0,"publisher":{"@id":"https:\/\/okiemrealisty.pl\/#\/schema\/person\/5a047b7acbade5194152c23ad7d087e7"},"image":{"@id":"https:\/\/okiemrealisty.pl\/index.php\/2022\/05\/07\/realizm-jako-podejscie-zyciowe-pomiedzy-optymizmem-a-pesymizmem\/#primaryimage"},"thumbnailUrl":"https:\/\/okiemrealisty.pl\/wp-content\/uploads\/2024\/04\/ENERGY-SYSTEMS-30-x-20-cm.jpg","keywords":["Ciekawostki","Filozofia","Lublin","okiem realisty","optymizm","pesymizm","psychologia","realizm","realizm polityczny","\u017cycie"],"articleSection":["Lu\u017anym Okiem","Okiem Realisty"],"inLanguage":"pl-PL","potentialAction":[{"@type":"CommentAction","name":"Comment","target":["https:\/\/okiemrealisty.pl\/index.php\/2022\/05\/07\/realizm-jako-podejscie-zyciowe-pomiedzy-optymizmem-a-pesymizmem\/#respond"]}]},{"@type":"WebPage","@id":"https:\/\/okiemrealisty.pl\/index.php\/2022\/05\/07\/realizm-jako-podejscie-zyciowe-pomiedzy-optymizmem-a-pesymizmem\/","url":"https:\/\/okiemrealisty.pl\/index.php\/2022\/05\/07\/realizm-jako-podejscie-zyciowe-pomiedzy-optymizmem-a-pesymizmem\/","name":"Realizm - podej\u015bcie \u017cyciowe pomi\u0119dzy optymizmem a pesymizmem - Okiem Realisty","isPartOf":{"@id":"https:\/\/okiemrealisty.pl\/#website"},"primaryImageOfPage":{"@id":"https:\/\/okiemrealisty.pl\/index.php\/2022\/05\/07\/realizm-jako-podejscie-zyciowe-pomiedzy-optymizmem-a-pesymizmem\/#primaryimage"},"image":{"@id":"https:\/\/okiemrealisty.pl\/index.php\/2022\/05\/07\/realizm-jako-podejscie-zyciowe-pomiedzy-optymizmem-a-pesymizmem\/#primaryimage"},"thumbnailUrl":"https:\/\/okiemrealisty.pl\/wp-content\/uploads\/2024\/04\/ENERGY-SYSTEMS-30-x-20-cm.jpg","datePublished":"2022-05-07T08:38:41+00:00","dateModified":"2024-05-24T10:56:46+00:00","description":"Poznaj realizm - podej\u015bcie mi\u0119dzy optymizmem a pesymizmem. Skorzystaj z porad i wskaz\u00f3wek do zdrowego podej\u015bcia.","breadcrumb":{"@id":"https:\/\/okiemrealisty.pl\/index.php\/2022\/05\/07\/realizm-jako-podejscie-zyciowe-pomiedzy-optymizmem-a-pesymizmem\/#breadcrumb"},"inLanguage":"pl-PL","potentialAction":[{"@type":"ReadAction","target":["https:\/\/okiemrealisty.pl\/index.php\/2022\/05\/07\/realizm-jako-podejscie-zyciowe-pomiedzy-optymizmem-a-pesymizmem\/"]}]},{"@type":"ImageObject","inLanguage":"pl-PL","@id":"https:\/\/okiemrealisty.pl\/index.php\/2022\/05\/07\/realizm-jako-podejscie-zyciowe-pomiedzy-optymizmem-a-pesymizmem\/#primaryimage","url":"https:\/\/okiemrealisty.pl\/wp-content\/uploads\/2024\/04\/ENERGY-SYSTEMS-30-x-20-cm.jpg","contentUrl":"https:\/\/okiemrealisty.pl\/wp-content\/uploads\/2024\/04\/ENERGY-SYSTEMS-30-x-20-cm.jpg","width":2000,"height":1333,"caption":"xr:d:DAGAnktAgVg:8,j:5660322630235178184,t:24040409"},{"@type":"BreadcrumbList","@id":"https:\/\/okiemrealisty.pl\/index.php\/2022\/05\/07\/realizm-jako-podejscie-zyciowe-pomiedzy-optymizmem-a-pesymizmem\/#breadcrumb","itemListElement":[{"@type":"ListItem","position":1,"name":"Strona g\u0142\u00f3wna","item":"https:\/\/okiemrealisty.pl\/"},{"@type":"ListItem","position":2,"name":"Realizm &#8211; podej\u015bcie \u017cyciowe pomi\u0119dzy optymizmem a pesymizmem"}]},{"@type":"WebSite","@id":"https:\/\/okiemrealisty.pl\/#website","url":"https:\/\/okiemrealisty.pl\/","name":"Okiem Realisty","description":"Ch\u0142odne spojrzenie, ci\u0119ty j\u0119zyk","publisher":{"@id":"https:\/\/okiemrealisty.pl\/#\/schema\/person\/5a047b7acbade5194152c23ad7d087e7"},"alternateName":"OkiemRealisty","potentialAction":[{"@type":"SearchAction","target":{"@type":"EntryPoint","urlTemplate":"https:\/\/okiemrealisty.pl\/?s={search_term_string}"},"query-input":{"@type":"PropertyValueSpecification","valueRequired":true,"valueName":"search_term_string"}}],"inLanguage":"pl-PL"},{"@type":["Person","Organization"],"@id":"https:\/\/okiemrealisty.pl\/#\/schema\/person\/5a047b7acbade5194152c23ad7d087e7","name":"Okiem Realisty","image":{"@type":"ImageObject","inLanguage":"pl-PL","@id":"https:\/\/okiemrealisty.pl\/wp-content\/uploads\/2024\/05\/cropped-Projekt-bez-nazwy-2.jpg","url":"https:\/\/okiemrealisty.pl\/wp-content\/uploads\/2024\/05\/cropped-Projekt-bez-nazwy-2.jpg","contentUrl":"https:\/\/okiemrealisty.pl\/wp-content\/uploads\/2024\/05\/cropped-Projekt-bez-nazwy-2.jpg","width":240,"height":240,"caption":"Okiem Realisty"},"logo":{"@id":"https:\/\/okiemrealisty.pl\/wp-content\/uploads\/2024\/05\/cropped-Projekt-bez-nazwy-2.jpg"},"url":"https:\/\/okiemrealisty.pl\/index.php\/author\/darqcrow\/"}]}},"_links":{"self":[{"href":"https:\/\/okiemrealisty.pl\/index.php\/wp-json\/wp\/v2\/posts\/57","targetHints":{"allow":["GET"]}}],"collection":[{"href":"https:\/\/okiemrealisty.pl\/index.php\/wp-json\/wp\/v2\/posts"}],"about":[{"href":"https:\/\/okiemrealisty.pl\/index.php\/wp-json\/wp\/v2\/types\/post"}],"author":[{"embeddable":true,"href":"https:\/\/okiemrealisty.pl\/index.php\/wp-json\/wp\/v2\/users\/1"}],"replies":[{"embeddable":true,"href":"https:\/\/okiemrealisty.pl\/index.php\/wp-json\/wp\/v2\/comments?post=57"}],"version-history":[{"count":4,"href":"https:\/\/okiemrealisty.pl\/index.php\/wp-json\/wp\/v2\/posts\/57\/revisions"}],"predecessor-version":[{"id":316,"href":"https:\/\/okiemrealisty.pl\/index.php\/wp-json\/wp\/v2\/posts\/57\/revisions\/316"}],"wp:featuredmedia":[{"embeddable":true,"href":"https:\/\/okiemrealisty.pl\/index.php\/wp-json\/wp\/v2\/media\/135"}],"wp:attachment":[{"href":"https:\/\/okiemrealisty.pl\/index.php\/wp-json\/wp\/v2\/media?parent=57"}],"wp:term":[{"taxonomy":"category","embeddable":true,"href":"https:\/\/okiemrealisty.pl\/index.php\/wp-json\/wp\/v2\/categories?post=57"},{"taxonomy":"post_tag","embeddable":true,"href":"https:\/\/okiemrealisty.pl\/index.php\/wp-json\/wp\/v2\/tags?post=57"}],"curies":[{"name":"wp","href":"https:\/\/api.w.org\/{rel}","templated":true}]}}